{"id":15540,"date":"2018-05-16T13:32:16","date_gmt":"2018-05-16T13:32:16","guid":{"rendered":"https:\/\/archivioturi.lavocedelpaese.info\/index.php\/2018\/05\/16\/opere-pubbliche-e-pianificazione-territoriale\/"},"modified":"2018-05-16T13:32:16","modified_gmt":"2018-05-16T13:32:16","slug":"opere-pubbliche-e-pianificazione-territoriale","status":"publish","type":"post","link":"https:\/\/archivioturi.lavocedelpaese.info\/index.php\/2018\/05\/16\/opere-pubbliche-e-pianificazione-territoriale\/","title":{"rendered":"Opere pubbliche e pianificazione territoriale"},"content":{"rendered":"<p><img loading=\"lazy\" decoding=\"async\" src=\"https:\/\/farm1.staticflickr.com\/944\/28174775968_fe69b4df5b_n.jpg\" alt=\"Moro ultimo\" width=\"320\" height=\"240\" \/><\/p>\n<p style=\"text-align: center;\"><strong>Ultimo appuntamento del corso di formazione \u201cSulle orme di Aldo Moro\u201d<\/strong><\/p>\n<p style=\"text-align: justify;\">Mercoled\u00ec due maggio, presso il Centro Culturale Polivalente, si \u00e8 tenuto l\u2019ultimo incontro dell\u2019 importante iniziativa civile \u201c Sulle orme di Aldo Moro\u2026 la conoscenza alla base di una buona amministrazione\u201d. Un incontro, quest\u2019ultimo, che ha dato ampio spazio ad una tematica molto delicata e, allo stesso tempo, complessa: la programmazione delle opere pubbliche e la pianificazione dello spazio pubblico. Ad affrontare tale questione, stavolta, \u00e8 stato il responsabile dell\u2019Ufficio Tecnico del Comune di Turi, l\u2019ing. Giuseppe Bonaventura, coadiuvato dal presidente del Centro Studi &#8220;Aldo Moro&#8221;, Domenico Leogrande.<\/p>\n<p style=\"text-align: justify;\">L&#8217;incontro \u00e8 stato un\u2019occasione per approfondire i concetti generali che definiscono la gestione di uno spazio pubblico urbano. A tal fine si \u00e8 parlato del cosiddetto PUG: il piano urbanistico generale, ovvero il principale strumento di disciplina urbanistica a livello comunale, che comprende al suo interno previsioni strutturali e previsioni programmatiche, quest\u2019ultime necessarie per definire sia le aree da ricomprendere nei piani urbanistici esecutivi sia le trasformazioni fisiche e funzionali ammissibili in tali aree. Inoltre, il piano urbanistico rappresenta soprattutto uno strumento importante di partecipazione democratica, necessario per far fronte alle esigenze dei cittadini dell\u2019area in esame, in quanto sono proprio quest\u2019 ultimi a dover intervenire e a confrontarsi attivamente con le strategie tecniche e politiche dell\u2019amministrazione comunale.<\/p>\n<p style=\"text-align: justify;\">Nella seconda parte dell\u2019incontro si \u00e8 invece approfondita la questione delle opere pubbliche, con un accenno particolare alla definizione di bene culturale, inteso come patrimonio non solo per i cittadini del posto, ma di tutti i cittadini del mondo. Un bene culturale, per questo, oltre a dover essere ben tutelato, in quanto testimonianza storica di un determinato luogo, deve essere reso il pi\u00f9 possibile funzionale e usufruibile per tutti i cittadini, senza intaccare la sua identit\u00e0 di origine. A tal proposito un esempio importante \u00e8 il centro storico di Turi: se da un lato presenta una parte antica, da sempre accuratamente conservata e protetta dalla soprintendenza, dall\u2019 altra parte presenta una parte pi\u00f9 recente, dove sono situati il palazzo comunale e altri insediamenti urbani, funzionali in ambito lavorativo per i cittadini del posto.<\/p>\n<p style=\"text-align: justify;\">Infine, si \u00e8 discusso circa le varie problematiche legate alle tempistiche molto lunghe di approvazione dei lavori delle opere pubbliche, ci\u00f2 a causa non solo delle normative vigenti, troppo complesse e articolate, ma anche a cause della grave carenza di personale in ambito amministrativo, anomalia che da molto tempo investe il Comune di Turi. In sintesi, realizzare un\u2019opera pubblica in un determinato territorio richiede molto tempo sia per la difficolt\u00e0 di individuare da subito un buon progettista, coerente nel portare a termini i lavori previsti, sia per le lunghe attese nel redigere e approvare, in tempi utili, tutti i livelli di progettazione.<\/p>\n<p style=\"text-align: justify;\">L\u2019incontro si \u00e8 concluso con la consegna degli attestati ai cittadini partecipanti e con un augurio a poter continuare questo percorso formativo anche dopo l\u2019estate.<\/p>\n","protected":false},"excerpt":{"rendered":"<p><img loading=\"lazy\" decoding=\"async\" src=\"https:\/\/farm1.staticflickr.com\/944\/28174775968_fe69b4df5b_n.jpg\" alt=\"Moro ultimo\" width=\"320\" height=\"240\" \/><\/p>\n","protected":false},"author":1,"featured_media":0,"comment_status":"open","ping_status":"closed","sticky":false,"template":"","format":"standard","meta":{"colormag_page_container_layout":"default_layout","colormag_page_sidebar_layout":"default_layout","footnotes":""},"categories":[6],"tags":[],"class_list":["post-15540","post","type-post","status-publish","format-standard","hentry","category-cultura"],"_links":{"self":[{"href":"https:\/\/archivioturi.lavocedelpaese.info\/index.php\/wp-json\/wp\/v2\/posts\/15540","targetHints":{"allow":["GET"]}}],"collection":[{"href":"https:\/\/archivioturi.lavocedelpaese.info\/index.php\/wp-json\/wp\/v2\/posts"}],"about":[{"href":"https:\/\/archivioturi.lavocedelpaese.info\/index.php\/wp-json\/wp\/v2\/types\/post"}],"author":[{"embeddable":true,"href":"https:\/\/archivioturi.lavocedelpaese.info\/index.php\/wp-json\/wp\/v2\/users\/1"}],"replies":[{"embeddable":true,"href":"https:\/\/archivioturi.lavocedelpaese.info\/index.php\/wp-json\/wp\/v2\/comments?post=15540"}],"version-history":[{"count":0,"href":"https:\/\/archivioturi.lavocedelpaese.info\/index.php\/wp-json\/wp\/v2\/posts\/15540\/revisions"}],"wp:attachment":[{"href":"https:\/\/archivioturi.lavocedelpaese.info\/index.php\/wp-json\/wp\/v2\/media?parent=15540"}],"wp:term":[{"taxonomy":"category","embeddable":true,"href":"https:\/\/archivioturi.lavocedelpaese.info\/index.php\/wp-json\/wp\/v2\/categories?post=15540"},{"taxonomy":"post_tag","embeddable":true,"href":"https:\/\/archivioturi.lavocedelpaese.info\/index.php\/wp-json\/wp\/v2\/tags?post=15540"}],"curies":[{"name":"wp","href":"https:\/\/api.w.org\/{rel}","templated":true}]}}