{"id":15538,"date":"2018-05-16T06:23:37","date_gmt":"2018-05-16T06:23:37","guid":{"rendered":"https:\/\/archivioturi.lavocedelpaese.info\/index.php\/2018\/05\/16\/qdenunciate-sempre-i-reatiq\/"},"modified":"2018-05-16T06:23:37","modified_gmt":"2018-05-16T06:23:37","slug":"qdenunciate-sempre-i-reatiq","status":"publish","type":"post","link":"https:\/\/archivioturi.lavocedelpaese.info\/index.php\/2018\/05\/16\/qdenunciate-sempre-i-reatiq\/","title":{"rendered":"&#8220;Denunciate sempre i reati&#8221;"},"content":{"rendered":"<p><img loading=\"lazy\" decoding=\"async\" src=\"https:\/\/farm1.staticflickr.com\/955\/27178078177_7f1ce17055_n.jpg\" alt=\"DSC_0422\" width=\"320\" height=\"168\" \/><\/p>\n<p style=\"text-align: center;\"><strong>&#8220;Questione sicurezza&#8221;, lavoratori stagionali e decoro urbano.<\/strong><br \/><strong>Ne parliamo con il Commissario Cantadori<\/strong><\/p>\n<p>&nbsp;<\/p>\n<p style=\"text-align: justify;\">Nell&#8217;ultima settimana il nostro Comune \u00e8 stato interessato da due episodi di violenza, riconducibili ad un cittadino extracomunitario, che paiono aver interrotto il clima di quiete che da sempre contraddistingue Turi. Ci riferiamo alle due tentate aggressioni, di cui vi abbiamo raccontato nello scorso numero, nei confronti di un gruppo di adolescenti e di un uomo, seduto in un bar assieme alla sua famiglia.<\/p>\n<p style=\"text-align: justify;\">Seppur si \u00e8 trattato di fenomeni isolati, la percezione da parte della cittadinanza \u00e8 stata quella di una &#8220;minaccia diffusa&#8221; alla propria sicurezza. Al netto della comprensibile emotivit\u00e0 \u00ac\u00ac- che porta ad esasperare il quadro di riferimento, invocando addirittura l&#8217;esercito per ritornare a &#8220;girare tranquilli per il paese&#8221; &#8211; emerge chiara l&#8217;esigenza di un maggiore impegno sul fronte dell&#8217;ordine pubblico, soprattutto nelle ore serali.<\/p>\n<p style=\"text-align: justify;\">Ed \u00e8 proprio su quest&#8217;ultimo aspetto che abbiamo rivolto qualche domanda al Commissario Prefettizio, dott. Andrea Cantadori, allargando l&#8217;intervista alla segnalazione in merito ai disagi dei bagni pubblici e al campo destinato ad accogliere i lavoratori stagionali.<\/p>\n<p style=\"text-align: justify;\">&nbsp;<\/p>\n<p style=\"text-align: justify;\"><strong>Commissario, come intendete rispondere all&#8217;istanza di maggiore sicurezza da parte dei cittadini?<\/strong><\/p>\n<p style=\"text-align: justify;\">\u00ab\u00c8 ovvio che sul problema sicurezza intervengono pi\u00f9 soggetti, Prefettura, Magistratura e Forze dell\u2019Ordine, per cui rispondo per quanto \u00e8 di competenza dell\u2019Amministrazione comunale. Per\u00f2 mi permetta di fare anzitutto una precisazione: mi risulta che per nessuno dei due fatti di violenza a cui fa riferimento sia stata presentata denuncia, almeno fino a oggi. Questo rende difficile sia ricostruire la dinamica dei fatti, sia svolgere qualsiasi attivit\u00e0 di indagine. Le denunce vanno presentate nei luoghi deputati a riceverle, Polizia e Carabinieri, non sui social. Ciononostante, pur in assenza di denuncia, so che i Carabinieri di Turi stanno svolgendo gli accertamenti di loro competenza.<\/p>\n<p style=\"text-align: justify;\">Per quanto riguarda l\u2019impegno del Comune, ci stiamo muovendo in due direttrici.<\/p>\n<p style=\"text-align: justify;\">La prima riguarda l\u2019installazione di impianti di videosorveglianza nei luoghi ritenuti pi\u00f9 sensibili. Per fare questo \u00e8 indispensabile accedere ai finanziamenti messi a disposizione dal Ministero dell\u2019Interno. La procedura impone delle scadenze molto ravvicinate, per cui stiamo lavorando con impegno. Il primo passo consiste nella sottoscrizione con la Prefettura di Bari di un Patto per la sicurezza urbana, dopodich\u00e9, entro il 30 giugno, dovr\u00e0 essere presentato un progetto dettagliato che verr\u00e0 valutato dal Comitato Provinciale per l\u2019Ordine e la Sicurezza Pubblica, presieduto dal Prefetto di Bari e poi dal Ministero. Nella valutazione delle domande avranno priorit\u00e0 i Comuni che registrano un maggior grado di pericolosit\u00e0, quindi anche per questo sottolineo nuovamente l\u2019importanza di denunciare sempre i reati.<\/p>\n<p style=\"text-align: justify;\">La seconda direttrice di intervento riguarda il prolungamento dell\u2019orario di servizio della Polizia Municipale, che almeno nel periodo estivo vorremmo portare alle 22.00, mentre attualmente termina alle 20.00. L\u2019ostacolo, in questo caso, \u00e8 rappresentato dal fatto che gli addetti reclamano, giustamente, il pagamento di precedenti attivit\u00e0 svolte come turnazioni e reperibilit\u00e0. Se, come auguro, sar\u00e0 possibile superare questo problema potremo rimodulare gli orari di servizio, tenendo per\u00f2 sempre presente le reali possibilit\u00e0 economiche del Comune. Esiste anche la possibilit\u00e0 di sottoscrivere convenzioni con altri Comuni, ma confido che la nostra Polizia Municipale, composta da persone serie e preparate e a cui va rivolto un forte ringraziamento per il lavoro che svolge, possa condividere l\u2019esigenza di un ulteriore impegno a favore della cittadinanza.<\/p>\n<p style=\"text-align: justify;\">Tengo ad aggiungere che i colloqui con l\u2019Arma dei Carabinieri sono quotidiani e si \u00e8 instaurato fin dal primo giorno un rapporto di collaborazione e di cordialit\u00e0. Va ricordato che ogni giorno, fino a mezzanotte, una pattuglia dei Carabinieri si muove sul territorio di Turi e che spesso l\u2019attivit\u00e0 si protrae anche oltre tale orario\u00bb.<\/p>\n<p style=\"text-align: justify;\">&nbsp;<\/p>\n<p style=\"text-align: justify;\"><strong>Cosa ne pensa della richiesta di Fratelli d&#8217;Italia?<\/strong><\/p>\n<p style=\"text-align: justify;\">\u00abLe richieste e le proposte sono sempre benvenute quando, come in questo caso, pongono questioni che hanno rilevanza pubblica. L\u2019impegno che ho assunto, insieme ai colleghi Giangrande e Fantetti, \u00e8 quello di ascoltare e valutare ogni richiesta o suggerimento. Ho incontrato molti ex amministratori, sia di maggioranza che di opposizione, e devo dare atto che ciascuno di loro mi ha trasmesso l\u2019impressione di essere seriamente e concretamente interessato al futuro di Turi. Li ho rassicurati che la gestione commissariale intende impiegare proficuamente l\u2019anno che ha di fronte, sia portando avanti i progetti gi\u00e0 avviati, sia pianificando nuove iniziative\u00bb.<\/p>\n<p style=\"text-align: justify;\">&nbsp;<\/p>\n<p style=\"text-align: justify;\"><strong>Un&#8217;altra segnalazione, questa volta sul fronte del decoro urbano, riguarda i bagni pubblici in Villa.<\/strong><\/p>\n<p style=\"text-align: justify;\">\u00abProprio nei giorni scorsi ho disposto un sopralluogo. I bagni pubblici necessitano di interventi ordinari, che stiamo attuando, e di interventi straordinari da realizzare anche in seguito ad atti vandalici, che per\u00f2 hanno un costo. Il Comune di Turi ha i conti in ordine, ma le risorse sono limitate, come nella stragrande maggioranza dei Comuni di queste dimensioni, per cui \u00e8 necessario stabilire delle priorit\u00e0. Non \u00e8 nostra intenzione inasprire la pressione fiscale locale per far fronte a nuove spese, per cui chiedo comprensione se alcuni interventi, bench\u00e9 utili, non verranno realizzati con immediatezza. Comunque, cercheremo di trovare le somme necessarie anche per questa necessit\u00e0, mentre per le ricorrenze che comporteranno maggiore affluenza continueremo ad avvalerci, come in passato, di bagni mobili\u00bb.<\/p>\n<p style=\"text-align: justify;\">&nbsp;<\/p>\n<p style=\"text-align: justify;\"><strong>Sono iniziati i lavori per l&#8217;allestimento del campo che ospiter\u00e0 i lavoratori stagionali?<\/strong><\/p>\n<p style=\"text-align: justify;\">\u00abAnzitutto \u00e8 stata individuata l\u2019area per l\u2019insediamento, che \u00e8 quella del campo sportivo. \u00c8 noto che in passato si erano verificate situazioni di attrito perch\u00e9 i lavoratori stranieri si erano stabiliti nell\u2019area contigua al cimitero. La Polizia Municipale e i Carabinieri effettuano frequenti passaggi nell\u2019arco della giornata per evitare che l\u2019area torni a essere occupata. Alcuni lavoratori, che non essendo a conoscenza della nuova situazione si erano insediati nell\u2019area a ridosso del cimitero, sono stati invitati ad allontanarsi e non vi sono state rimostranze di sorta.<\/p>\n<p style=\"text-align: justify;\">La Regione Puglia ha assicurato che entro alcuni giorni arriveranno i moduli abitativi che ospiteranno i lavoratori stagionali. Una volta giunti partiremo immediatamente con gli allacci. Come si pu\u00f2 immaginare, si tratta di spese ingenti alle quali il Comune non \u00e8 in grado di fare fronte da solo, per cui auspichiamo che la Regione possa contribuire in maniera significativa. Gli incontri che si sono svolti, anche presso la Prefettura, fanno ben sperare. Come per\u00f2 ho gi\u00e0 avuto modo di dire, non convince del tutto che si debbano sostenere spese pubbliche per sostenere attivit\u00e0 che sono private. Per quest\u2019anno abbiamo dovuto affrontare la situazione \u201cin corsa\u201d e con tempi ristrettissimi, ma per il futuro credo che si debba condurre una riflessione pi\u00f9 approfondita\u00bb.<\/p>\n<p style=\"text-align: justify;\"><strong><br \/><\/strong><\/p>\n<p style=\"text-align: justify;\"><strong>Avete individuato chi discipliner\u00e0 l&#8217;entrata nei moduli abitativi?<\/strong><\/p>\n<p style=\"text-align: justify;\">\u00abStiamo valutando alcune ipotesi, nei prossimi giorni verr\u00e0 assunta una decisione\u00bb.<\/p>\n<p style=\"text-align: right;\"><strong>FD<\/strong><\/p>\n","protected":false},"excerpt":{"rendered":"<p><img loading=\"lazy\" decoding=\"async\" src=\"https:\/\/farm1.staticflickr.com\/955\/27178078177_7f1ce17055_n.jpg\" alt=\"DSC_0422\" width=\"320\" height=\"168\" \/><\/p>\n","protected":false},"author":1,"featured_media":0,"comment_status":"open","ping_status":"closed","sticky":false,"template":"","format":"standard","meta":{"colormag_page_container_layout":"default_layout","colormag_page_sidebar_layout":"default_layout","footnotes":""},"categories":[4],"tags":[],"class_list":["post-15538","post","type-post","status-publish","format-standard","hentry","category-politica"],"_links":{"self":[{"href":"https:\/\/archivioturi.lavocedelpaese.info\/index.php\/wp-json\/wp\/v2\/posts\/15538","targetHints":{"allow":["GET"]}}],"collection":[{"href":"https:\/\/archivioturi.lavocedelpaese.info\/index.php\/wp-json\/wp\/v2\/posts"}],"about":[{"href":"https:\/\/archivioturi.lavocedelpaese.info\/index.php\/wp-json\/wp\/v2\/types\/post"}],"author":[{"embeddable":true,"href":"https:\/\/archivioturi.lavocedelpaese.info\/index.php\/wp-json\/wp\/v2\/users\/1"}],"replies":[{"embeddable":true,"href":"https:\/\/archivioturi.lavocedelpaese.info\/index.php\/wp-json\/wp\/v2\/comments?post=15538"}],"version-history":[{"count":0,"href":"https:\/\/archivioturi.lavocedelpaese.info\/index.php\/wp-json\/wp\/v2\/posts\/15538\/revisions"}],"wp:attachment":[{"href":"https:\/\/archivioturi.lavocedelpaese.info\/index.php\/wp-json\/wp\/v2\/media?parent=15538"}],"wp:term":[{"taxonomy":"category","embeddable":true,"href":"https:\/\/archivioturi.lavocedelpaese.info\/index.php\/wp-json\/wp\/v2\/categories?post=15538"},{"taxonomy":"post_tag","embeddable":true,"href":"https:\/\/archivioturi.lavocedelpaese.info\/index.php\/wp-json\/wp\/v2\/tags?post=15538"}],"curies":[{"name":"wp","href":"https:\/\/api.w.org\/{rel}","templated":true}]}}