{"id":1550,"date":"2010-02-27T08:11:13","date_gmt":"2010-02-27T08:11:13","guid":{"rendered":"https:\/\/archivioturi.lavocedelpaese.info\/index.php\/2010\/02\/27\/onofrio-resta-candidato-alla-regione-con-palese\/"},"modified":"2010-02-27T08:11:13","modified_gmt":"2010-02-27T08:11:13","slug":"onofrio-resta-candidato-alla-regione-con-palese","status":"publish","type":"post","link":"https:\/\/archivioturi.lavocedelpaese.info\/index.php\/2010\/02\/27\/onofrio-resta-candidato-alla-regione-con-palese\/","title":{"rendered":"ONOFRIO RESTA CANDIDATO ALLA REGIONE CON PALESE"},"content":{"rendered":"<p style=\"text-align: justify;\"><img loading=\"lazy\" decoding=\"async\" class=\" size-full wp-image-1549\" src=\"https:\/\/archivioturi.lavocedelpaese.info\/wp-content\/uploads\/2010\/02\/onofrio.jpg\" alt=\"onofrio\" height=\"150\" width=\"320\" srcset=\"https:\/\/archivioturi.lavocedelpaese.info\/wp-content\/uploads\/2010\/02\/onofrio.jpg 640w, https:\/\/archivioturi.lavocedelpaese.info\/wp-content\/uploads\/2010\/02\/onofrio-300x141.jpg 300w\" sizes=\"auto, (max-width: 320px) 100vw, 320px\" \/><\/p>\n<div style=\"text-align: justify;\"><span style=\"font-family: verdana,geneva;\"><span style=\"font-size: 10pt;\">Siamo alle soglie della presentazione delle liste valide per le prossime elezioni regionali del 28 e 29 marzo. Qualche nome \u00e8 pi\u00f9 che sicuro da mesi, se non anni. Qualcuno \u00e8 ancora in bilico e aspetta l&#8217;ufficialit\u00e0. Tante le riconferme, tanti i &#8220;mostri sacri&#8221; della politica, tanti i novellini. Ma anche sorprese dell&#8217; ultim&#8217;ora . Una riguarda Turi, anche se noi di Turiweb avevamo espresso gi\u00e0 alcune settimane fa una concreta ipotesi a riguardo: il <strong>Prof. Onofrio Resta, attuale assessore Provinciale alle Attivit\u00e0 Produttive e sviluppo, sar\u00e0 candidato con Rocco Palese del Pdl. <\/strong><strong>Non \u00e8 l&#8217;unico nome di peso proveniente da &#8220;La Puglia Prima di Tutto&#8221;. Ci saranno infatti anche Francesco Losurdo, ex Presidente dell&#8217;Ordine dei Medici,<\/strong> l\u2019ex deputato Tato Greco e l\u2019ex sindaco di Castellana Simone Pinto. <\/span><\/span><\/div>\n<p style=\"text-align: justify;\"><span style=\"font-size: 10pt;\"><span style=\"font-family: verdana,geneva;\">Attualmente, quindi, sono tre i nomi che se la giocano nel nostro Comune: il dott. Michele Boccardi, in lista anch&#8217;egli con Rocco Palese, Tina Loiotila, in lizza con Io Sud della Poli Bortone, e, a questo punto, anche Onofrio Resta.<\/span><\/span><\/p>\n<p style=\"text-align: justify;\"><span style=\"font-family: verdana,geneva;\"><span style=\"font-size: 10pt;\">A nemmeno un anno dalla campagna elettorale delle elezioni provinciali, quindi, ci ritroviamo la stessa figura politica che chieder\u00e0 voti ai cittadini.<\/span><\/span><\/p>\n<div style=\"text-align: justify;\"><span style=\"font-size: 10pt;\"> <\/span><span style=\"font-size: 10pt;\"> <\/span><\/div>\n<p style=\"text-align: justify;\"><span style=\"font-size: 10pt;\"><span style=\"font-family: verdana,geneva;\"><span style=\"font-size: 10pt;\">Molte sono le domande che sorgono spontanee: davvero al dott. Resta interessa una poltrona nel Consiglio Regionale?<\/span><\/span><\/span><\/p>\n<div style=\"text-align: justify;\"><\/div>\n<p style=\"text-align: justify;\"><span style=\"font-size: 10pt;\"><span style=\"font-family: verdana,geneva;\"><span style=\"font-size: 10pt;\">C&#8217;\u00e8 una concreta possibilit\u00e0 che vinca? E nell&#8217;eventualit\u00e0 rinuncerebbe al suo attuale ruolo, data l&#8217;incompatibilit\u00e0 con un posto da consigliere regionale?<\/span><\/span><\/span><\/p>\n<div style=\"text-align: justify;\"><\/div>\n<p style=\"text-align: justify;\"><span style=\"font-size: 10pt;\"><span style=\"font-family: verdana,geneva;\"><span style=\"font-size: 10pt;\">\u00c8 solo una candidatura contro-Boccardi e pro-voti per la PPdt?<\/span><\/span><\/span><\/p>\n<div style=\"text-align: justify;\"><\/div>\n<p style=\"text-align: justify;\"><span style=\"font-size: 10pt;\"><span style=\"font-family: verdana,geneva;\"><strong><span style=\"font-family: verdana,geneva;\"><span style=\"font-size: 10pt;\">La Puglia Prima di Tutto locale per chi far\u00e0 campagna elettorale?<\/span><\/span><\/strong><\/span><\/span><\/p>\n<div style=\"text-align: justify;\"><\/div>\n<p style=\"text-align: justify;\"><span style=\"font-size: 10pt;\"><span style=\"font-family: verdana,geneva;\"><span style=\"font-size: 10pt;\">A breve porremo queste domande al diretto interessato, ma nel frattempo le utilizziamo come spunto di riflessione per i nostri lettori.<\/span><\/span><\/span><\/p>\n<div style=\"text-align: justify;\"><\/div>\n<p><span style=\"font-family: verdana,geneva;\"><span style=\"font-size: 10pt;\"> <\/span><\/span><span style=\"font-size: 10pt;\"><span style=\"font-family: verdana,geneva;\"><strong><span style=\"font-family: verdana,geneva;\"><span style=\"font-size: 10pt;\">Provate a rispondere, non dimenticando di essere educati.<\/span><\/span><\/strong><\/span><\/span><\/p>\n<div style=\"text-align: justify;\"><span style=\"font-family: verdana,geneva;\"><span style=\"font-size: 10pt;\"> <\/span><\/span><br \/><span style=\"font-family: verdana,geneva;\"><span style=\"font-size: 10pt;\"> <\/span><\/span><\/div>\n","protected":false},"excerpt":{"rendered":"<p style=\"text-align: justify;\"><img loading=\"lazy\" decoding=\"async\" class=\" size-full wp-image-1549\" src=\"https:\/\/archivioturi.lavocedelpaese.info\/wp-content\/uploads\/2010\/02\/onofrio.jpg\" alt=\"onofrio\" height=\"150\" width=\"320\" srcset=\"https:\/\/archivioturi.lavocedelpaese.info\/wp-content\/uploads\/2010\/02\/onofrio.jpg 640w, https:\/\/archivioturi.lavocedelpaese.info\/wp-content\/uploads\/2010\/02\/onofrio-300x141.jpg 300w\" sizes=\"auto, (max-width: 320px) 100vw, 320px\" \/><\/p>\n","protected":false},"author":1,"featured_media":1549,"comment_status":"open","ping_status":"closed","sticky":false,"template":"","format":"standard","meta":{"colormag_page_container_layout":"default_layout","colormag_page_sidebar_layout":"default_layout","footnotes":""},"categories":[4],"tags":[],"class_list":["post-1550","post","type-post","status-publish","format-standard","has-post-thumbnail","hentry","category-politica"],"_links":{"self":[{"href":"https:\/\/archivioturi.lavocedelpaese.info\/index.php\/wp-json\/wp\/v2\/posts\/1550","targetHints":{"allow":["GET"]}}],"collection":[{"href":"https:\/\/archivioturi.lavocedelpaese.info\/index.php\/wp-json\/wp\/v2\/posts"}],"about":[{"href":"https:\/\/archivioturi.lavocedelpaese.info\/index.php\/wp-json\/wp\/v2\/types\/post"}],"author":[{"embeddable":true,"href":"https:\/\/archivioturi.lavocedelpaese.info\/index.php\/wp-json\/wp\/v2\/users\/1"}],"replies":[{"embeddable":true,"href":"https:\/\/archivioturi.lavocedelpaese.info\/index.php\/wp-json\/wp\/v2\/comments?post=1550"}],"version-history":[{"count":0,"href":"https:\/\/archivioturi.lavocedelpaese.info\/index.php\/wp-json\/wp\/v2\/posts\/1550\/revisions"}],"wp:featuredmedia":[{"embeddable":true,"href":"https:\/\/archivioturi.lavocedelpaese.info\/index.php\/wp-json\/wp\/v2\/media\/1549"}],"wp:attachment":[{"href":"https:\/\/archivioturi.lavocedelpaese.info\/index.php\/wp-json\/wp\/v2\/media?parent=1550"}],"wp:term":[{"taxonomy":"category","embeddable":true,"href":"https:\/\/archivioturi.lavocedelpaese.info\/index.php\/wp-json\/wp\/v2\/categories?post=1550"},{"taxonomy":"post_tag","embeddable":true,"href":"https:\/\/archivioturi.lavocedelpaese.info\/index.php\/wp-json\/wp\/v2\/tags?post=1550"}],"curies":[{"name":"wp","href":"https:\/\/api.w.org\/{rel}","templated":true}]}}