{"id":15492,"date":"2018-04-30T08:55:11","date_gmt":"2018-04-30T08:55:11","guid":{"rendered":"https:\/\/archivioturi.lavocedelpaese.info\/index.php\/2018\/04\/30\/terzo-incontro-sulle-orme-di-aldo-moro\/"},"modified":"2018-04-30T08:55:11","modified_gmt":"2018-04-30T08:55:11","slug":"terzo-incontro-sulle-orme-di-aldo-moro","status":"publish","type":"post","link":"https:\/\/archivioturi.lavocedelpaese.info\/index.php\/2018\/04\/30\/terzo-incontro-sulle-orme-di-aldo-moro\/","title":{"rendered":"Terzo incontro \u201cSulle orme di Aldo Moro\u201d"},"content":{"rendered":"<p><img loading=\"lazy\" decoding=\"async\" src=\"https:\/\/farm1.staticflickr.com\/980\/41745789301_d81cdcfff3_n.jpg\" alt=\"Francesco Mancini incontro Moro (1)\" width=\"320\" height=\"240\" \/><\/p>\n<p style=\"text-align: center;\"><strong>L\u2019importanza di una buona conoscenza per poter interagire con la politica<\/strong><\/p>\n<p style=\"text-align: justify;\">Gioved\u00ec 19 aprile l\u2019importante iniziativa &#8220;Sulle orme di Aldo Moro\u2026 La conoscenza alla base della buona amministrazione&#8221;, presso il Centro culturale polivalente, \u00e8 giunta al suo terzo incontro. Stavolta ad intervenire, insieme al Presidente del Centro studi &#8220;Aldo Moro&#8221;, prof Domenico Leogrande, sono stati il dott. Francesco Mancini, Segretario comunale del Comune di Turi e l&#8217;ing. Giuseppe Di Bonaventura, Responsabile dell\u2019Ufficio tecnico. L\u2019argomento di questa sessione ha preso come principale riferimento gli atti, gli organi amministrativi, le opere pubbliche e la pianificazione del territorio. Una questione abbastanza complessa, che ha richiesto moltissima attenzione da parte dei cittadini presenti, tanto che molto probabilmente si decider\u00e0 di organizzare un altro appuntamento di approfondimento sul tema in questione. <img loading=\"lazy\" decoding=\"async\" src=\"https:\/\/farm1.staticflickr.com\/826\/41745789031_5643ee04bb_n.jpg\" alt=\"Francesco Mancini incontro Moro (2)\" style=\"margin: 5px; float: right;\" width=\"320\" height=\"240\" \/><\/p>\n<p style=\"text-align: justify;\">Nella prima parte dell&#8217;incontro si \u00e8 parlato di quanto sia necessario, al giorno d\u2019oggi, per il cittadino conoscere l\u2019ambiente politico e amministrativo locale che lo circonda: una cattiva gestione pu\u00f2 essere individuata &#8211; e soprattutto contrastata &#8211; solo se si \u00e8 in grado di riconoscere eventuali anomalie commesse dall&#8217;ente pubblico. La conoscenza, quindi, \u00e8 uno strumento importante per il cittadino in quanto oltre a consentire di formare una propria coscienza politica, permette di interagire attivamente nelle dinamiche del paese. Per questo, conoscere gli atti e le decisioni assunte dall&#8217;amministrazione, oltre ad essere un diritto importante per il cittadino, che pu\u00f2 usufruirne grazie al principio di trasparenza, \u00e8 anche un dovere necessario per rendere la situazione politica meno ingessata.<\/p>\n<p style=\"text-align: justify;\">Si \u00e8 discusso anche delle eventuali problematiche di quest\u2019ultimo aspetto: sebbene il cittadino, al giorno d\u2019oggi, sia riempito costantemente di dati da poter liberamente consultare in qualsiasi momento, non ha gli strumenti adatti per poterli interpretare. Il sistema dei dati messi a disposizione \u00e8, infatti, troppo complesso e indecifrabile e ci\u00f2 porta ad accentuare il divario di incomunicabilit\u00e0 tra cittadini ed organi istituzionali. Per questo l\u2019incontro \u00e8 stata una occasione importante per approfondire gli atti emanati dagli organi decisionali, ma anche per comprendere in toto i dati trasparenti e quelli coperti dal segreto per legge. Infine, si \u00e8 approfondito il ruolo del Comune in caso di errori di calcolo sulle tasse, come ad esempio la Tari, chiarendo i vari profili del principio di autotutela, necessario per rimediare a tali anomalie. Principio fondamentale che pu\u00f2 essere sintetizzato come &#8220;la capacit\u00e0 riconosciuta dall\u2019ordinamento all\u2019amministrazione di riesaminare criticamente la propria attivit\u00e0, in vista dell\u2019esigenza di assicurare il pi\u00f9 efficace perseguimento dell\u2019interesse pubblico&#8221;.<\/p>\n<p style=\"text-align: right;\"><strong> ROBERTA LOBASCIO<\/strong><\/p>\n","protected":false},"excerpt":{"rendered":"<p><img loading=\"lazy\" decoding=\"async\" src=\"https:\/\/farm1.staticflickr.com\/980\/41745789301_d81cdcfff3_n.jpg\" alt=\"Francesco Mancini incontro Moro (1)\" width=\"320\" height=\"240\" \/><\/p>\n","protected":false},"author":1,"featured_media":0,"comment_status":"open","ping_status":"closed","sticky":false,"template":"","format":"standard","meta":{"colormag_page_container_layout":"default_layout","colormag_page_sidebar_layout":"default_layout","footnotes":""},"categories":[6],"tags":[],"class_list":["post-15492","post","type-post","status-publish","format-standard","hentry","category-cultura"],"_links":{"self":[{"href":"https:\/\/archivioturi.lavocedelpaese.info\/index.php\/wp-json\/wp\/v2\/posts\/15492","targetHints":{"allow":["GET"]}}],"collection":[{"href":"https:\/\/archivioturi.lavocedelpaese.info\/index.php\/wp-json\/wp\/v2\/posts"}],"about":[{"href":"https:\/\/archivioturi.lavocedelpaese.info\/index.php\/wp-json\/wp\/v2\/types\/post"}],"author":[{"embeddable":true,"href":"https:\/\/archivioturi.lavocedelpaese.info\/index.php\/wp-json\/wp\/v2\/users\/1"}],"replies":[{"embeddable":true,"href":"https:\/\/archivioturi.lavocedelpaese.info\/index.php\/wp-json\/wp\/v2\/comments?post=15492"}],"version-history":[{"count":0,"href":"https:\/\/archivioturi.lavocedelpaese.info\/index.php\/wp-json\/wp\/v2\/posts\/15492\/revisions"}],"wp:attachment":[{"href":"https:\/\/archivioturi.lavocedelpaese.info\/index.php\/wp-json\/wp\/v2\/media?parent=15492"}],"wp:term":[{"taxonomy":"category","embeddable":true,"href":"https:\/\/archivioturi.lavocedelpaese.info\/index.php\/wp-json\/wp\/v2\/categories?post=15492"},{"taxonomy":"post_tag","embeddable":true,"href":"https:\/\/archivioturi.lavocedelpaese.info\/index.php\/wp-json\/wp\/v2\/tags?post=15492"}],"curies":[{"name":"wp","href":"https:\/\/api.w.org\/{rel}","templated":true}]}}