{"id":15479,"date":"2018-04-25T16:29:35","date_gmt":"2018-04-25T16:29:35","guid":{"rendered":"https:\/\/archivioturi.lavocedelpaese.info\/index.php\/2018\/04\/25\/sagra-della-ciliegia-ferrovia-fervono-i-preparativi\/"},"modified":"2018-04-25T16:29:35","modified_gmt":"2018-04-25T16:29:35","slug":"sagra-della-ciliegia-ferrovia-fervono-i-preparativi","status":"publish","type":"post","link":"https:\/\/archivioturi.lavocedelpaese.info\/index.php\/2018\/04\/25\/sagra-della-ciliegia-ferrovia-fervono-i-preparativi\/","title":{"rendered":"Sagra della Ciliegia Ferrovia, fervono i preparativi"},"content":{"rendered":"<p><img loading=\"lazy\" decoding=\"async\" src=\"https:\/\/farm1.staticflickr.com\/817\/40700441815_af927ab08e_n.jpg\" alt=\"Sagra ciliegia 2017\" width=\"320\" height=\"240\" \/><\/p>\n<p style=\"text-align: center;\"><strong>Livio Lerede, presidente dell&#8217;Associazione In Piazza, ci rivela <br \/>le anteprime della 28esima edizione<\/strong><\/p>\n<p style=\"text-align: center;\"><strong><br \/><\/strong><\/p>\n<p style=\"text-align: justify;\">Si \u00e8 finalmente sciolto l&#8217;enigma dell&#8217;affidamento dell&#8217;organizzazione della 28esima edizione della Sagra della Ciliegia Ferrovia, in programma il prossimo 2 e 3 giugno. Sar\u00e0 l&#8217;associazione In Piazza, come tutti si aspettavano dopo il successo dello scorso anno, a curare l&#8217;edizione 2018 dell&#8217;appuntamento che, insieme alla Festa Patronale, caratterizza il palinsesto culturale estivo di Turi.<\/p>\n<p style=\"text-align: justify;\">Dopo aver tenuto il fiato sospeso per oltre due mesi, i ragazzi della dinamica associazione turese hanno ricevuto in questi giorni l&#8217;incarico ufficiale dal Commissario Andrea Cantadori.<\/p>\n<p style=\"text-align: justify;\">All&#8217;indomani della lieta notizia, il presidente Livio Lerede ha accettato di rispondere alle nostre domande.<\/p>\n<p style=\"text-align: justify;\"><strong><br \/><\/strong><\/p>\n<p style=\"text-align: justify;\"><strong>Ci sono novit\u00e0 sull&#8217;affidamento dell&#8217;incarico per l&#8217;organizzazione della Sagra?<\/strong><\/p>\n<p style=\"text-align: justify;\">&#8220;S\u00ec, marted\u00ec siamo stati ricevuti dal commissario prefettizio che ci ha dato piena disponibilit\u00e0 e collaborazione in continuit\u00e0 alla lettera giuntaci a fine marzo da parte dell&#8217;amministrazione comunale&#8221;.<\/p>\n<p style=\"text-align: justify;\"><strong><br \/><\/strong><\/p>\n<p style=\"text-align: justify;\"><strong>Come mai questo ritardo nell&#8217;assegnazione?<\/strong><\/p>\n<p style=\"text-align: justify;\">&#8220;Questo \u00e8 un problema che ci ha contraddistinti in tutti gli anni in cui abbiamo avuto l&#8217;onore e l&#8217;onere di organizzare la Sagra della Ciliegia Ferrovia. Credo che un evento cos\u00ec importante, dove si promuove un prodotto fiore all&#8217;occhiello del nostro paese, debba essere affidato molti mesi prima. Le nuove norme sulla sicurezza ci impongono dei protocolli e tempi che non possiamo decidere. Reperire sponsor e cercare collaborazioni \u00e8 un momento sicuramente importante non da meno a all&#8217;organizzazione stessa.<\/p>\n<p style=\"text-align: justify;\">Credo che i dissidi all&#8217;interno dell&#8217;amministrazione abbiano influito sull&#8217;affidamento della sagra. La dottoressa Lavinia Orlando si \u00e8 molto prodigata ma evidentemente \u00e8 stata l&#8217;unica (o quasi). Noi come al solito daremo il massimo per rendere onore alla nostra cittadina&#8221;.<\/p>\n<p style=\"text-align: justify;\"><strong><br \/><\/strong><\/p>\n<p style=\"text-align: justify;\"><strong>Veniamo al programma, pu\u00f2 darci qualche anticipazione?<\/strong><\/p>\n<p style=\"text-align: justify;\">&#8220;A grandi linee lo schema \u00e8 sempre lo stesso, stiamo pensando a qualcosa di particolare nel centro storico. Ma per adesso scaramanticamente non ne parliamo. E poi chiss\u00e0 se riusciamo a far arrivare la nostra locomotiva &#8220;RossoFerrovia&#8221; in qualche paese limitrofo a far annunciare la nostra sagra&#8221;.<\/p>\n<p style=\"text-align: justify;\"><strong><br \/><\/strong><\/p>\n<p style=\"text-align: justify;\"><strong>Anche quest&#8217;anno si rinnover\u00e0 l&#8217;appuntamento con la lotteria?<\/strong><\/p>\n<p style=\"text-align: justify;\">&#8220;Sicuramente s\u00ec. In tempi cos\u00ec ristretti l&#8217;unica forma di reperimento fondi \u00e8 la lotteria. Per questo motivo faccio un appello a tutti i cittadini turesi: la Sagra \u00e8 di tutti noi&#8230; Acquistando un biglietto contribuiremo sicuramente ad avere una sagra pi\u00f9 bella, senza tralasciare la possibilit\u00e0 di vincere una Fiat 500!&#8221;.<\/p>\n<p style=\"text-align: justify;\"><strong><br \/><\/strong><\/p>\n<p style=\"text-align: justify;\"><strong>Avete in mente di collaborare con altre realt\u00e0 associative?<\/strong><\/p>\n<p style=\"text-align: justify;\">&#8220;A tal proposito abbiamo gi\u00e0 contattato alcune realt\u00e0 associative del territorio che hanno gi\u00e0 dato la loro disponibilit\u00e0. E approfitto di questa intervista per invitare chiunque voglia collaborare alla manifestazione. La sagra \u00e8 di tutti i turesi&#8221;.<\/p>\n<p style=\"text-align: right;\"><strong>FD<\/strong><\/p>\n","protected":false},"excerpt":{"rendered":"<p><img loading=\"lazy\" decoding=\"async\" src=\"https:\/\/farm1.staticflickr.com\/817\/40700441815_af927ab08e_n.jpg\" alt=\"Sagra ciliegia 2017\" width=\"320\" height=\"240\" \/><\/p>\n","protected":false},"author":1,"featured_media":0,"comment_status":"open","ping_status":"closed","sticky":false,"template":"","format":"standard","meta":{"colormag_page_container_layout":"default_layout","colormag_page_sidebar_layout":"default_layout","footnotes":""},"categories":[6],"tags":[],"class_list":["post-15479","post","type-post","status-publish","format-standard","hentry","category-cultura"],"_links":{"self":[{"href":"https:\/\/archivioturi.lavocedelpaese.info\/index.php\/wp-json\/wp\/v2\/posts\/15479","targetHints":{"allow":["GET"]}}],"collection":[{"href":"https:\/\/archivioturi.lavocedelpaese.info\/index.php\/wp-json\/wp\/v2\/posts"}],"about":[{"href":"https:\/\/archivioturi.lavocedelpaese.info\/index.php\/wp-json\/wp\/v2\/types\/post"}],"author":[{"embeddable":true,"href":"https:\/\/archivioturi.lavocedelpaese.info\/index.php\/wp-json\/wp\/v2\/users\/1"}],"replies":[{"embeddable":true,"href":"https:\/\/archivioturi.lavocedelpaese.info\/index.php\/wp-json\/wp\/v2\/comments?post=15479"}],"version-history":[{"count":0,"href":"https:\/\/archivioturi.lavocedelpaese.info\/index.php\/wp-json\/wp\/v2\/posts\/15479\/revisions"}],"wp:attachment":[{"href":"https:\/\/archivioturi.lavocedelpaese.info\/index.php\/wp-json\/wp\/v2\/media?parent=15479"}],"wp:term":[{"taxonomy":"category","embeddable":true,"href":"https:\/\/archivioturi.lavocedelpaese.info\/index.php\/wp-json\/wp\/v2\/categories?post=15479"},{"taxonomy":"post_tag","embeddable":true,"href":"https:\/\/archivioturi.lavocedelpaese.info\/index.php\/wp-json\/wp\/v2\/tags?post=15479"}],"curies":[{"name":"wp","href":"https:\/\/api.w.org\/{rel}","templated":true}]}}