{"id":15455,"date":"2018-04-19T06:08:24","date_gmt":"2018-04-19T06:08:24","guid":{"rendered":"https:\/\/archivioturi.lavocedelpaese.info\/index.php\/2018\/04\/19\/leo-spada-il-sindaco-incolpi-se-stesso\/"},"modified":"2018-04-19T06:08:24","modified_gmt":"2018-04-19T06:08:24","slug":"leo-spada-il-sindaco-incolpi-se-stesso","status":"publish","type":"post","link":"https:\/\/archivioturi.lavocedelpaese.info\/index.php\/2018\/04\/19\/leo-spada-il-sindaco-incolpi-se-stesso\/","title":{"rendered":"Leo Spada: \u201cIl sindaco incolpi se stesso\u201d"},"content":{"rendered":"<p><img loading=\"lazy\" decoding=\"async\" src=\"https:\/\/farm1.staticflickr.com\/902\/40568962605_67e2104e0c_n.jpg\" alt=\"LEO SPADA\" width=\"320\" height=\"289\" \/><\/p>\n<p style=\"text-align: justify;\">\u201cL\u2019unica colpa che ha il consigliere Tardi \u00e8 stata quella di non andarsene prima.Che ci possa essere la regia del PD \u00e8 dietrologia. Ma non mi va di puntare il dito sul PD in quanto tale\u201d. Cos\u00ec, l\u2019ex consigliere Leo Spada, rispolverare la memoria all\u2019ex sindaco Menino Coppi e ripercorre questa tragica esperienza politico-amministrativa.<\/p>\n<p style=\"text-align: justify;\">&nbsp;<\/p>\n<p style=\"text-align: center;\"><strong>SINDACO INGORDO <\/strong><br \/><strong>NON HA FATTO IL PADRE DI FAMIGLIA<\/strong><\/p>\n<p style=\"text-align: justify;\">\u201cCoppi si deve autoincolpare perch\u00e9 non ha fatto il sindaco. Non ha utilizzato per nulla la sua grandissima esperienza politica per guidare questa amministrazione fatta per il 90% di gente nuova, presa dalla societ\u00e0 civile. Menino ha cercato il capro espiatorio di questa disfatta, ma la colpa \u00e8 solo ed esclusivamente sua. Nel comizio ha fatto passare l\u2019idea che sia normale che io, Arianna Gasparro e Anna Gasparro abbiamo lasciato la maggioranza, come se fosse stata una cosa normale. Ha elogiato Camposeo come fosse l\u2019uomo nobile, che si \u00e8 sacrificato. Bugia anche questa. Il movimento Impegno per Turi \u00e8 stato il promotore di questo progetto, vero \u00e8 che Franco Mercieri era il candidato sindaco per eccellenza e ha dovuto lasciare la leadership per questioni lavorative, ma \u00e8 vero che Coppi ci aveva assicurato di fare il padre di famiglia, che avrebbe messo la sua esperienza al servizio della comunit\u00e0. Una volta diventato sindaco ha staccato la spina dalla realt\u00e0 e dal suo impegno lavorativo per vivacchiare in Comune\u201d.<\/p>\n<p>&nbsp;<\/p>\n<p style=\"text-align: center;\"><strong>COPPI, IL PEGGIORE ASSESSORE ALL\u2019URBANISTICA<\/strong><\/p>\n<p style=\"text-align: justify;\">\u201cLa prova emblematica \u00e8 che l\u2019Ufficio Urbanistico \u00e8 fermo a quattro anni fa e lui ha avocato a s\u00e9 l\u2019Assessorato all\u2019Urbanistica ed \u00e8 stato quello che peggio ha fatto in questi quattro anni, cio\u00e8 il nulla. Il nulla pi\u00f9 assoluto. Non ha rilasciato nessuna concessione edilizia, nessuna sanatoria, solo certificati di destinazione d\u2019uso che Dio solo sa quanta fatica \u00e8 costata per averli.<\/p>\n<p style=\"text-align: justify;\">Doveva essere il giardino della citt\u00e0 Metropolitana, invece \u00e8 una groviera, un disastro. Ha distrutto anche l\u2019Ufficio Tecnico. Una delle poche persone che si impegnava era l\u2019ing. Cicala. Ogni volta che un consigliere litigava con un altro consigliere, lui stava l\u00ec a guardare, con il suo silenzio, il suo lasciar perdere, ha sempre coperto il fuoco con la cenere, sotto la quale c\u2019era il fuoco che ardeva. Non \u00e8 riuscito a spegnere mezzo fuoco\u201d.<\/p>\n<p>&nbsp;<\/p>\n<p style=\"text-align: center;\"><strong>HA GODUTO QUANDO LENATO \u00c8 ANDATO VIA<\/strong><\/p>\n<p style=\"text-align: justify;\">\u201cLui ha goduto quando Vito Lenato \u00e8 andato via, facendo passare di esserne rammaricato. Quell\u2019Assessorato doveva tornare a Impegno per Turi. Poteva anche essere Tardi, ma doveva concordare.<\/p>\n<p style=\"text-align: justify;\">\u00c8 da l\u00ec che \u00e8 nato il primo dissidio da parte mia, e di qualcun altro del gruppo.<\/p>\n<p style=\"text-align: justify;\">Sia Tardi che la Caldararo erano due indipendenti e contestualmente sono passati nel PD, e in quel momento doveva esigere le dimissioni da assessori da entrambi. Il PD non ha eletto nessuno, l\u2019unica eletta \u00e8 stata Arianna Gasparro subentrata alle dimissioni di Lenato. Che poi in corso d\u2019opera il PD abbia acquisito due consiglieri ci pu\u00f2 stare, ma non ci poteva stare che potesse avere due assessori sbilanciando l\u2019amministrazione. E questo \u00e8 un altro erroraccio politico. Si \u00e8 inventato un rimpasto fasullo, che ha voluto fare al giro di boa e che io non ho mai voluto accettare. E lui diceva \u201cComando io, sono il sindaco, che qua ce ne andiamo tutti a casa\u201d. Ma lui non se n\u2019\u00e8 andato mai, solo quando non aveva i numeri. Perch\u00e9 quando siamo andati via noi, non gliene fregava nulla, forte del fatto che aveva i numeri\u201d.<\/p>\n<p>&nbsp;<\/p>\n<p style=\"text-align: center;\"><strong>CAMPOSEO, IL DISASTRO ASSOLUTO<\/strong><\/p>\n<p style=\"text-align: justify;\">\u201cNon gliene \u00e8 fregato nulla di recuperare o rivedere la situazione. La fortuna sua \u00e8 stata che Camposeo non abbia rispettato chi lo ha eletto, perch\u00e9 lo sfido a ricandidarsi la prossima volta e sfido che riesca a essere eletto senza l\u2019aiuto di Impegno Per Turi che lo ha fatto votare ed eleggere.<\/p>\n<p style=\"text-align: justify;\">Camposeo \u00e8 stato il peggiore dopo Menino Coppi che col suo assessorato non ha fatto nulla; mentre Camposeo ha fatto i danni pi\u00f9 assoluti. Camposeo, voglio ricordare, \u00e8 stato fortemente voluto da Mercieri in quel ruolo, infatuato della sua verve, parla poco ma quando parla lo fa bene, ma quando agisce lo fa malissimo e la sua incompetenza tecnico-politica lo ha portato al disastro assoluto. Lui si \u00e8 dimesso perch\u00e9 era ormai incompatibile nel ruolo che aveva. Doveva essere un tecnico in pi\u00f9 all\u2019Ufficio Tecnico, un ausilio, invece \u00e8 stato un ulteriore danno: il ponte \u00e8 imperfetto e lo ha detto il Ministero\u201d.<\/p>\n<p>&nbsp;<\/p>\n<p style=\"text-align: center;\"><strong>CAMPOSEO VENIVA IN MAGGIORANZA SEMPRE IMPREPARATO <\/strong><br \/><strong>PALMISANO \u00c8 STATO \u2018COMPRATO\u2019<\/strong><\/p>\n<p style=\"text-align: justify;\">\u201cCamposeo veniva in maggioranza sempre impreparato, non aveva tempo da dedicare al suo Assessorato. Allora mi chiedo: uno perch\u00e9 si mette in politica.<\/p>\n<p style=\"text-align: justify;\">Dopo le dimissioni non ha pi\u00f9 risposto al movimento.<\/p>\n<p style=\"text-align: justify;\">Torniamo a Menino: non ha mai voluto interferire sul nulla fra i consiglieri. I litigi venuti fuori, l\u2019incompatibilit\u00e0 ambientale fra persone, non \u00e8 mai intervenuto. Palmisano aveva aderito ai 5 stelle, se n\u2019era andato ed era il quarto uomo all\u2019epoca. Poi \u00e8 tornato nei suoi ranghi dopo che Coppi gli ha offerto l\u2019Assessorato, quindi lo stipendio.<\/p>\n<p style=\"text-align: justify;\">Menino deve spiegare perch\u00e9 in tutti questi anni non si \u00e8 voluto modificare il regolamento comunale che porta ancora 21 consiglieri e il direttore generale\u201d.<\/p>\n<p>&nbsp;<\/p>\n<p style=\"text-align: center;\"><strong>COPPI SI FACEVA PRENDERE IN GIRO DAI DIPENDENTI<\/strong><\/p>\n<p style=\"text-align: justify;\">\u201cLe cose che ha detto Menino in quel comizio sono bugie. Tutta sta verve perch\u00e9 non l\u2019ha utilizzata durante i quattro anni, ora \u00e8 venuta fuori. I dipendenti lo hanno preso in giro\u2026 siamo a corto di personale, ha distrutto l\u2019Ufficio di Polizia Municipale, perch\u00e9 non ha confermato l\u2019attuale comandante Ivano Marzano? Perch\u00e9 si diceva che Marzano fosse amico del segretario del PD Gravinese? Che non ha mai nominato durante il comizio, perch\u00e9 si vergognava?<\/p>\n<p style=\"text-align: justify;\">Tardi gli ha dato la possibilit\u00e0 ora di fare la vittima. E il problema non \u00e8 il ponte, il problema \u00e8 che Coppi non \u00e8 stato in grado di fare neppure l\u2019ordinaria amministrazione.<\/p>\n<p style=\"text-align: justify;\">Sar\u00e0 vittima della sua stessa ingordigia, perch\u00e9 \u00e8 stato ingordo, attaccato alla poltrona. \u00c8 stato felice quando ce ne siamo andati dalla maggioranza, finalmente si era liberato di noi. Non ha fatto nulla per mediare.<\/p>\n<p style=\"text-align: justify;\">Se la vuole prendere con Tardi e col PD. Tardi \u00e8 stata la conseguenza del suo modo di essere, non la causa\u201d.<\/p>\n<p>&nbsp;<\/p>\n<p style=\"text-align: center;\"><strong>FINANZIAMENTI E OPERE <\/strong><br \/><strong> \u201cBEN VENGA IL COMMISSARIO\u201d<\/strong><\/p>\n<p style=\"text-align: justify;\">Ha ragione il sindaco? Serviva tempo? Perderemo finanziamenti? \u201cAlcuni finanziamenti &#8211; conclude Spada &#8211; sono stati persi da questa amministrazione. Altri sono arrivati. Ma il problema \u00e8 che una amministrazione non si pu\u00f2 basare solo sui finanziamenti. L\u2019amministrazione che lavora si basa sull\u2019ordinario. Il finanziamento lo chiede l\u2019Ufficio su indicazione del politico. Io mi domando: se sono stati bravi a far lavorare gli uffici, per quale motivo non sono riusciti a far lavorare gli uffici per l\u2019ordinaria amministrazione, che \u00e8 quella pi\u00f9 utile per mantenere ordinato un paese che \u00e8 ridotto a un disastro?<\/p>\n<p style=\"text-align: justify;\">Quando parlava del centro storico, noi non abbiamo fatto niente. Per il cimitero, da quattro anni si parla di progetto approvato, ma perch\u00e9 non \u00e8 mai diventato esecutivo?<\/p>\n<p style=\"text-align: justify;\">Che \u00e8 successo al campo sportivo? Un disastro.<\/p>\n<p style=\"text-align: justify;\">Fino alla supplica dissi di fare il concorso per i due ingegneri. Quante volte ho detto di far lavorare i locali, hanno dato noccioline ai locali e i progetti importanti tutti fuori. Lui non ha mai voluto fare il sindaco e invece lo portavano come il migliore. I dipendenti se lo mangiavano vivo, non aveva competenza. Il segretario ha fatto da sindaco.<\/p>\n<p style=\"text-align: justify;\">Ben vengano quindici mesi di Commissario, almeno avremo l\u2019ordinaria amministrazione. Solo con il Commissario si fa l\u2019ordinario\u201d.<\/p>\n<p style=\"text-align: right;\"><strong>NIC.TEO.<\/strong><\/p>\n","protected":false},"excerpt":{"rendered":"<p><img loading=\"lazy\" decoding=\"async\" src=\"https:\/\/farm1.staticflickr.com\/902\/40568962605_67e2104e0c_n.jpg\" alt=\"LEO SPADA\" width=\"320\" height=\"289\" \/><\/p>\n","protected":false},"author":1,"featured_media":0,"comment_status":"open","ping_status":"closed","sticky":false,"template":"","format":"standard","meta":{"colormag_page_container_layout":"default_layout","colormag_page_sidebar_layout":"default_layout","footnotes":""},"categories":[4],"tags":[],"class_list":["post-15455","post","type-post","status-publish","format-standard","hentry","category-politica"],"_links":{"self":[{"href":"https:\/\/archivioturi.lavocedelpaese.info\/index.php\/wp-json\/wp\/v2\/posts\/15455","targetHints":{"allow":["GET"]}}],"collection":[{"href":"https:\/\/archivioturi.lavocedelpaese.info\/index.php\/wp-json\/wp\/v2\/posts"}],"about":[{"href":"https:\/\/archivioturi.lavocedelpaese.info\/index.php\/wp-json\/wp\/v2\/types\/post"}],"author":[{"embeddable":true,"href":"https:\/\/archivioturi.lavocedelpaese.info\/index.php\/wp-json\/wp\/v2\/users\/1"}],"replies":[{"embeddable":true,"href":"https:\/\/archivioturi.lavocedelpaese.info\/index.php\/wp-json\/wp\/v2\/comments?post=15455"}],"version-history":[{"count":0,"href":"https:\/\/archivioturi.lavocedelpaese.info\/index.php\/wp-json\/wp\/v2\/posts\/15455\/revisions"}],"wp:attachment":[{"href":"https:\/\/archivioturi.lavocedelpaese.info\/index.php\/wp-json\/wp\/v2\/media?parent=15455"}],"wp:term":[{"taxonomy":"category","embeddable":true,"href":"https:\/\/archivioturi.lavocedelpaese.info\/index.php\/wp-json\/wp\/v2\/categories?post=15455"},{"taxonomy":"post_tag","embeddable":true,"href":"https:\/\/archivioturi.lavocedelpaese.info\/index.php\/wp-json\/wp\/v2\/tags?post=15455"}],"curies":[{"name":"wp","href":"https:\/\/api.w.org\/{rel}","templated":true}]}}