{"id":15451,"date":"2018-04-18T06:21:41","date_gmt":"2018-04-18T06:21:41","guid":{"rendered":"https:\/\/archivioturi.lavocedelpaese.info\/index.php\/2018\/04\/18\/qmi-spiace-di-non-aver-trovato-prima-il-coraggioq\/"},"modified":"2018-04-18T06:21:41","modified_gmt":"2018-04-18T06:21:41","slug":"qmi-spiace-di-non-aver-trovato-prima-il-coraggioq","status":"publish","type":"post","link":"https:\/\/archivioturi.lavocedelpaese.info\/index.php\/2018\/04\/18\/qmi-spiace-di-non-aver-trovato-prima-il-coraggioq\/","title":{"rendered":"&#8220;Mi spiace di non aver trovato prima il coraggio&#8221;"},"content":{"rendered":"<p><img loading=\"lazy\" decoding=\"async\" src=\"https:\/\/farm1.staticflickr.com\/808\/39652811760_69e18a464d_n.jpg\" alt=\"Giuseppe Tardi\" width=\"320\" height=\"240\" \/><\/p>\n<p style=\"text-align: center;\"><strong>La lettera del consigliere Tardi dopo il &#8220;comizio-show&#8221; <br \/>del &#8220;capitano dell&#8217;armata Brancaleone&#8221;<\/strong><\/p>\n<p style=\"text-align: center;\"><strong><br \/><\/strong><\/p>\n<p style=\"text-align: justify;\">In questo periodo ho letto e ascoltato interviste, dichiarazioni, teorizzazioni e sproloqui davvero variegati e a volte quasi divertenti.<\/p>\n<p style=\"text-align: justify;\">Un sindaco che non ha pi\u00f9 la maggioranza ed \u00e8 costretto ad andare a casa non \u00e8 certo questione da poco, ma dopo il comizio-show di sabato scorso, ho pensato che qualche parola avrei dovuta dirla anche io. Cercher\u00f2 in queste righe di non cadere nei toni gravi e irosi utilizzati dal nostro ex sindaco nei miei confronti. Eppure sono certo, in questi anni, di aver avuto con lui confronti duri ma corretti da un punto di vista personale.<\/p>\n<p style=\"text-align: justify;\">Mi lascia perplesso, la facilit\u00e0 con cui tutti gli attori di questa avventura\/disavventura cercano di cancellare con un colpo di spugna 4 anni di amministrazione arrancante e traballante.<\/p>\n<p style=\"text-align: justify;\">Qualsiasi siano le colpe che oggi si vogliono addossare ai singoli o ai partiti, sono irrisibili e secondarie rispetto a quelle che dovrebbe assumersi il capitano di questa armata Brancaleone (della quale ho fatto parte) che \u00e8 andata a casa, e invece\u2026 non una ammissione di colpa, di fallimento, un segno di umilt\u00e0, nulla.<\/p>\n<p style=\"text-align: justify;\">Una maggioranza composta di soli 9 membri per quasi 2 anni \u00e8 un segnale di fallimento inequivocabile\u2026 eppure il capitano ha mantenuto l\u2019imperturbabilit\u00e0 del primo giorno, lo stesso aplomb dinanzi ad ogni difficolt\u00e0, quasi che nulla lo potesse scuotere, esempio di ostinazione fuori dal comune\u2026 e dunque l\u00ec \u00e8 giusto che stia, fuori dal Comune!<\/p>\n<p style=\"text-align: justify;\">&nbsp;<\/p>\n<p style=\"text-align: justify;\">E magari il nostro ex sindaco avesse mostrato la met\u00e0 della verve di questi giorni, ora non ci troveremmo in questa situazione. Magari avesse veicolato la rabbia e le energie che lo caratterizzano oggi, nell\u2019amministrazione della cosa pubblica. Mai una posizione netta a favore o contro. Che avesse una volta dettato i tempi, deciso qualcosa. Impalpabile!<\/p>\n<p style=\"text-align: justify;\">Quando venivano mosse critiche sul suo operato, l\u2019ex sindaco rispondeva lamentando difficolt\u00e0 a relazionare con gli uffici. Ma ha fatto qualcosa in 4 anni? Aveva l\u2019occasione giusta per rivoluzionare l\u2019apparato amministrativo, all\u2019indomani delle mie dimissioni da assessore, denunciando l\u2019inerzia di alcuni capisettore. Invece regalo inaspettato\u2026 dopo le lacrime da coccodrillo, da mestierante di lungo corso della politica, ha approfittato dell\u2019occasione non per prendere una posizione forte, non per segnare un cambiamento significativo ma per equilibrare la giunta, all\u2019epoca, tacciata di essere sbilanciata lato PD! Bassezza pari solo alla pretesa di disporre dei miei voti di indipendente (difatti entrai nel PD dopo le elezioni, nonostante il suo osteggiamento) e reclamare oggi le mie dimissioni da consigliere nella speranza, tutta sua, di far subentrare un consigliere pi\u00f9 accomodante al suo traccheggio, pi\u00f9 protettivo della sua \u201cpoltrona\u201d. Per non parlare dell\u2019inutile trascorrere dei venti giorni propedeutici all\u2019efficacia delle dimissioni, durante i quali ha cercato un umiliante dialogo con la minoranza piuttosto che cercarmi e provare a convergere su un\u2019azione politica comune, un rilancio dell\u2019amministrazione. Niente! Come sempre assente.<\/p>\n<p style=\"text-align: justify;\">&nbsp;<\/p>\n<p style=\"text-align: justify;\">Ebbene, in questi anni, sono stato colpevole di aver subissato il nostro ex sindaco di solleciti, richieste, pungolamenti continui (a proposito anch\u2019io conservo le email e gli screenshot) perch\u00e9 dinanzi alle difficolt\u00e0 mi hanno insegnato che non ci si ferma, si combatte, si insiste, non si tergiversa ma inevitabilmente mi sono sentito dire che davo fastidio, ero d\u2019intralcio\u2026 ma d\u2019intralcio a cosa?<\/p>\n<p style=\"text-align: justify;\">Mi sono pi\u00f9 volte chiesto se magari fossi io ad aver smarrito l\u2019obiettivo che questa amministrazione perseguiva, ma francamente nessuno \u00e8 stato capace di farmelo ravvisare, forse perch\u00e9 era stato nascosto, dimenticato.<\/p>\n<p style=\"text-align: justify;\">Avevamo l\u2019obiettivo di \u201crivoluzionare\u201d Turi, di stare tra la gente, di ascoltare la voce dei singoli. Invece l\u2019ex sindaco ha preferito rintanarsi sulla torre d\u2019avorio, seduto comodo sullo scranno pi\u00f9 alto.<\/p>\n<p style=\"text-align: justify;\">Le persone che quotidianamente mi fermavano nei bar, per strada, in villa, gli amici, i conoscenti, memori loro, dell\u2019impegno gravoso che noi eletti avevamo accettato, facevano richieste, domande, chiedevano spiegazioni dei tanti mancati impegni, ma io non ho mai avuto altra risposta da dare se non quella suggerita continuamente dal nostro ex sindaco: \u201cVedremo\u2026\u201d.<\/p>\n<p style=\"text-align: justify;\">&nbsp;<\/p>\n<p style=\"text-align: justify;\">Non c\u2019\u00e8 pi\u00f9 niente da vedere, io non voglio vedere pi\u00f9 nulla! \u00c8 giusto che ora l\u2019ex primo cittadino sia a casa a riflettere, perch\u00e9 non ha pi\u00f9 credibilit\u00e0, ha tradito il mandato consegnatogli dagli elettori. Ha disatteso le aspettative e mancato il programma. Lo invito a rileggerlo se ne conserva, ancora, una copia. Indicasse un solo punto di quest\u2019ultimo che \u00e8 stato realizzato. Mi suggerisse un\u2019opera, un motivo per il quale tra qualche anno verr\u00e0 ricordato. O si dimostra di esser capaci di governare o \u00e8 pi\u00f9 responsabile segnare il passo ed andare a casa.<\/p>\n<p style=\"text-align: justify;\">Se il nostro ex sindaco fosse stato pi\u00f9 accorto, se avesse avuto una visione d\u2019insieme non sarebbe rimasto appeso alla speranza che Giuseppe Tardi, essendo una brava persona, non l\u2019avrebbe abbandonato al suo destino\u2026 Ha fatto male i suoi conti, e ha puntato sul cavallo sbagliato. Sperava forse che essendo entrambi iscritti allo stesso partito non avrei trovato mai questo coraggio?<\/p>\n<p style=\"text-align: justify;\">Sbagliava di grosso: prima ancora che fedelt\u00e0 al PD io devo qualcosa ai miei concittadini. Mi spiace si debba attraversare un periodo di commissariamento (sar\u00e0 peggiore degli ultimi 4 anni nei quali ci si \u00e8 limitatiall\u2019ordinario e a volte neanche quello?), credo che nessuno possa augurarsi questo per il proprio paese, ma andare a dormire con la coscienza a posto e poter dare a cuor leggero un perch\u00e9 alle tante domande che i turesi mi hanno rivolto in questi anni credo sia pi\u00f9 importante.<\/p>\n<p style=\"text-align: justify;\">&nbsp;<\/p>\n<p style=\"text-align: justify;\">Mi spiace, mi spiace di non aver trovato prima il coraggio di farlo. Io non sono un politico navigato come i tanti che in questi giorni tornano alla ribalta, rinfrancati dalla speranza che ci possa essere spazio anche per loro, e quindi ho agito molto di pancia e poco di testa\u2026 abbiate pazienza. Come disse il nostro ex sindaco, forse il mio problema \u00e8 che lavoro in una azienda tedesca e forse non conosco i tempi biblici con cui la politica pensa di fare le cose\u2026 se le fa\u2026.<\/p>\n<p style=\"text-align: justify;\">Nessun pentimento, nessun rimpianto se non quello di aver dato fiducia al nostro ex sindaco, del quale francamente avremmo potuto fare a meno, tutti, anche i miei ex compagni che oggi mi disconoscono!<\/p>\n<p style=\"text-align: right;\"><strong>Giuseppe Tardi<\/strong><\/p>\n","protected":false},"excerpt":{"rendered":"<p><img loading=\"lazy\" decoding=\"async\" src=\"https:\/\/farm1.staticflickr.com\/808\/39652811760_69e18a464d_n.jpg\" alt=\"Giuseppe Tardi\" width=\"320\" height=\"240\" \/><\/p>\n","protected":false},"author":1,"featured_media":0,"comment_status":"open","ping_status":"closed","sticky":false,"template":"","format":"standard","meta":{"colormag_page_container_layout":"default_layout","colormag_page_sidebar_layout":"default_layout","footnotes":""},"categories":[4],"tags":[],"class_list":["post-15451","post","type-post","status-publish","format-standard","hentry","category-politica"],"_links":{"self":[{"href":"https:\/\/archivioturi.lavocedelpaese.info\/index.php\/wp-json\/wp\/v2\/posts\/15451","targetHints":{"allow":["GET"]}}],"collection":[{"href":"https:\/\/archivioturi.lavocedelpaese.info\/index.php\/wp-json\/wp\/v2\/posts"}],"about":[{"href":"https:\/\/archivioturi.lavocedelpaese.info\/index.php\/wp-json\/wp\/v2\/types\/post"}],"author":[{"embeddable":true,"href":"https:\/\/archivioturi.lavocedelpaese.info\/index.php\/wp-json\/wp\/v2\/users\/1"}],"replies":[{"embeddable":true,"href":"https:\/\/archivioturi.lavocedelpaese.info\/index.php\/wp-json\/wp\/v2\/comments?post=15451"}],"version-history":[{"count":0,"href":"https:\/\/archivioturi.lavocedelpaese.info\/index.php\/wp-json\/wp\/v2\/posts\/15451\/revisions"}],"wp:attachment":[{"href":"https:\/\/archivioturi.lavocedelpaese.info\/index.php\/wp-json\/wp\/v2\/media?parent=15451"}],"wp:term":[{"taxonomy":"category","embeddable":true,"href":"https:\/\/archivioturi.lavocedelpaese.info\/index.php\/wp-json\/wp\/v2\/categories?post=15451"},{"taxonomy":"post_tag","embeddable":true,"href":"https:\/\/archivioturi.lavocedelpaese.info\/index.php\/wp-json\/wp\/v2\/tags?post=15451"}],"curies":[{"name":"wp","href":"https:\/\/api.w.org\/{rel}","templated":true}]}}