{"id":15427,"date":"2018-04-10T11:45:13","date_gmt":"2018-04-10T11:45:13","guid":{"rendered":"https:\/\/archivioturi.lavocedelpaese.info\/index.php\/2018\/04\/10\/gelo-e-vento-danni-per-le-ciliegie\/"},"modified":"2018-04-10T11:45:13","modified_gmt":"2018-04-10T11:45:13","slug":"gelo-e-vento-danni-per-le-ciliegie","status":"publish","type":"post","link":"https:\/\/archivioturi.lavocedelpaese.info\/index.php\/2018\/04\/10\/gelo-e-vento-danni-per-le-ciliegie\/","title":{"rendered":"Gelo e vento. Danni per le ciliegie?"},"content":{"rendered":"<p><img loading=\"lazy\" decoding=\"async\" src=\"https:\/\/farm1.staticflickr.com\/869\/41243170542_6cf866f0bd_n.jpg\" alt=\".\" width=\"293\" height=\"320\" \/><\/p>\n<p style=\"text-align: center;\"><strong>Vincenzo Petruzzi rassicura: &#8220;Si \u00e8 avuta una fioritura che, ad oggi, ci permette di essere ottimisti&#8221;<\/strong><\/p>\n<p style=\"text-align: center;\"><strong><br \/><\/strong><\/p>\n<p style=\"text-align: justify;\">Neve, gelate improvvise e per concludere intense raffiche di vento. A ridosso dell&#8217;inizio della stagione cerasicola ci si trova ad interrogarsi su quanto le condizioni meteorologiche avverse abbiano influito sulla buona riuscita del raccolto. Quel raccolto su cui i coltivatori turesi investono gran parte delle proprie risorse e speranze.<\/p>\n<p style=\"text-align: justify;\">Seppur con la giusta dose di prudenza, Vincenzo Petruzzi, voce autorevole del comparto agricolo, pare ottimista e, nell&#8217;intervista che ci ha rilasciato, ci spiega che al momento non si sono registrati danni per la ciliegia Ferrovia, la principale variet\u00e0 turese. Per un bilancio complessivo ed obiettivo, tuttavia, bisogner\u00e0 attendere ancora un paio di settimane.<\/p>\n<p style=\"text-align: justify;\">La conversazione si sposta poi sulle dinamiche del mercato globale, che inevitabilmente condiziona quello locale, e sulla possibilit\u00e0 del coltivatore di difendersi. Si apre cos\u00ec il capitolo delle cooperative, che &#8220;non sono nel DNA dei turesi&#8221; e, in passato, hanno &#8220;peccato di pigrizia&#8221; &#8211; e quello dell&#8217;agognato marchio DOP (Denominazione di Origine Protetta).<\/p>\n<p style=\"text-align: justify;\">&nbsp;<\/p>\n<p style=\"text-align: justify;\"><strong>La neve e le conseguenti gelate hanno compromesso la stagione cerasicola?<\/strong><\/p>\n<p style=\"text-align: justify;\">&#8220;Le gelate hanno provocato qualche danno solo nelle zone dove era in atto la ripresa vegetativa, penso a quelle ai confini con Rutigliano e Conversano, e solo alle variet\u00e0 precoci, come le Bigarreau. Per le variet\u00e0 pi\u00f9 tardive, come le ciliegie Ferrovie, al momento non si \u00e8 verificato nessun problema. \u00c8 ancora tutto da vedere&#8221;.<\/p>\n<p style=\"text-align: justify;\">&nbsp;<\/p>\n<p style=\"text-align: justify;\"><strong>\u00c8 prematuro fare pronostici sul tipo di annata che ci aspetta?<\/strong><\/p>\n<p style=\"text-align: justify;\">&#8220;Certo, siamo ancora nella fase dell&#8217;impollinazione, quella pi\u00f9 delicata. Possiamo dire che negli ultimi dieci giorni abbiamo avuto condizioni climatiche favorevoli: giornate asciutte che hanno consentito alle api di lavorare bene. Quindi si \u00e8 avuta una fioritura che, ad oggi, ci permette di essere ottimisti&#8221;.<\/p>\n<p style=\"text-align: justify;\"><strong><br \/><\/strong><\/p>\n<p style=\"text-align: justify;\"><strong>E per quanto riguarda i prezzi?<\/strong><\/p>\n<p style=\"text-align: justify;\">&#8220;Anche in questo caso \u00e8 troppo presto per sbilanciarsi. Sar\u00e0 il quantitativo di prodotto che arriver\u00e0 sul mercato a determinare il prezzo. E non possiamo pi\u00f9 solo basare le stime sulla produzione locale, va fatto un discorso globale: le ciliegie arrivano dalla Spagna, dalla Turchia, dall&#8217;Ungheria e da vari paesi dell&#8217;Europa. Corrono voci che la produzione ortofrutticola della Spagna abbia avuto numerosi danni a causa del gelo, ma sono tutti elementi che andranno verificati. Chiaramente, pi\u00f9 prodotto verr\u00e0 immesso nel mercato, pi\u00f9 basso sar\u00e0 il prezzo che i nostri coltivatori riusciranno ad ottenere&#8221;.<\/p>\n<p style=\"text-align: justify;\"><strong><br \/><\/strong><\/p>\n<p style=\"text-align: justify;\"><strong>Il mercato locale, dunque, risente di quello globale. Costituire una cooperativa che unisca tutti i produttori potrebbe essere una soluzione per difendersi?<\/strong><\/p>\n<p style=\"text-align: justify;\">&#8220;Le cooperative sono state un esperimento pi\u00f9 volte praticato ma sempre fallito. In parte perch\u00e9 c&#8217;\u00e8 una questione di DNA: il turese non ha nei suoi cromosomi la mentalit\u00e0 cooperativistica, l&#8217;agricoltore raccoglie le sue ciliegie e le vende a chi offre il prezzo migliore in quel momento. In parte anche per colpa di chi le ha amministrate cinquanta anni fa, quando c&#8217;erano modi e tempi per poter emergere. Presi dalla pigrizia non si \u00e8 saputo guardare in prospettiva.<\/p>\n<p style=\"text-align: justify;\"><strong><br \/><\/strong><\/p>\n<p style=\"text-align: justify;\"><strong>In che senso?<\/strong><\/p>\n<p style=\"text-align: justify;\">&#8220;A Turi abbiamo avuto tre cooperative: quella olivicola e quella vinicola sono fallite. Resiste solo la cooperativa ortofrutticola, che fu costituita quando ancora non c&#8217;erano i commercianti. Nel momento in cui, per\u00f2, i commercianti hanno iniziato ad esserci e a crescere, non si \u00e8 avuta la lucidit\u00e0 per fare il salto di qualit\u00e0: non ci si \u00e8 attrezzati per la commercializzazione diretta del proprio prodotto, cercando di utilizzare i finanziamenti pubblici, a cui all&#8217;epoca si ebbe accesso, per innovare la filiera. Si \u00e8 restati a Turi e ci si \u00e8 accontentati. Nel frattempo i commercianti si sono strutturati, si sono imposti su qualsiasi logica cooperativistica ed oggi sono in grado di dettare legge, fare cartello ed imporre i prezzi delle ciliegie come quelli di tutti gli altri prodotti&#8221;.<\/p>\n<p style=\"text-align: justify;\"><strong><br \/><\/strong><\/p>\n<p style=\"text-align: justify;\"><strong>Si pu\u00f2 porre rimedio a questa pigrizia del passato?<\/strong><\/p>\n<p style=\"text-align: justify;\">&#8220;Oggi \u00e8 difficilissimo. I commercianti di ciliegie o di ortofrutta che abbiamo in zona sono cos\u00ec organizzati che non \u00e8 pi\u00f9 possibile competere. La ciliegia va raccolta, lavorata, conservata e venduta. Per fare questi passaggi sono necessarie strumentazioni ed infrastrutture costose. Tra l&#8217;altro i grandi magazzini non lavorano solo sulle ciliegie ma sull&#8217;intero comparto ortofrutticolo, andando incontro alle richieste della grande distribuzione, che ha bisogno di qualcuno che garantisca un quantitativo stabile di pi\u00f9 prodotti. Non possiamo immaginare che la grande catena di supermercati stia dietro ad una cooperativa che per 20 giorni all&#8217;anno porta un solo prodotto. Infine, la cooperativa compra solo le ciliegie idonee, a differenza del grande commerciante che prende qualsiasi tipologia, perch\u00e9 poi sa in quale mercato piazzarla&#8221;.<\/p>\n<p style=\"text-align: justify;\"><strong><br \/><\/strong><\/p>\n<p style=\"text-align: justify;\"><strong>Cosa ne pensa della Denominazione di Origine Protetta per la nostra ciliegia Ferrovia?<\/strong><\/p>\n<p style=\"text-align: justify;\">&#8220;\u00c8 solo una questione di prestigio. Si avrebbe un valore aggiunto se la vendita del prodotto DOP fosse controllata direttamente dai produttori, cosa che da noi non accadr\u00e0 mai proprio perch\u00e9 non siamo organizzati per gestire l&#8217;intera filiera. In questo momento, anche avendo il marchio DOP, devo comunque conferire le ciliegie al grande commerciante, che non \u00e8 detto debba riconoscermi un prezzo superiore.<\/p>\n<p style=\"text-align: justify;\">Tra l&#8217;altro le ciliegie sono di per s\u00e9 difficili da gestire: essendo un prodotto deperibile, appena raccolte vanno vendute; non si ha il tempo di immagazzinarle e introdurle sul mercato quando le condizioni sono favorevoli come pu\u00f2 accadere per altri prodotti come il Parmigiano Reggiano o le mele Melinda.<\/p>\n<p style=\"text-align: justify;\">Se il produttore di ciliegie vuole avere reddito si deve organizzare. Deve cambiare il suo modo di operare ottimizzando al massimo le operazioni di trattamento e quelle della raccolta, che \u00e8 il capitolo che incide maggiormente, selezionando gli operai e mettendoli nelle condizioni di lavorare al meglio&#8221;.<\/p>\n<p style=\"text-align: justify;\"><strong><br \/><\/strong><\/p>\n<p style=\"text-align: justify;\"><strong>A proposito di trattamenti, quanto \u00e8 praticato a Turi il cosiddetto &#8220;anticipo&#8221; e perch\u00e9?<\/strong><\/p>\n<p style=\"text-align: justify;\">&#8220;L&#8217;anticipo a Turi \u00e8 molto diffuso e la ragione non \u00e8 solo quella di accelerare la produzione di qualche giorno. Il motivo principale \u00e8 che questo trattamento spinge la pianta ad entrare pi\u00f9 velocemente in vegetazione e a far fiorire contemporaneamente sia la variet\u00e0 impollinatrice che quella che deve essere impollinata. Normalmente, infatti, le variet\u00e0 che danno polline fioriscono un po&#8217; prima di quelle che devono ricevere il polline, come ad esempio la ciliegia Ferrovia. Con questo trattamento si crea un sincronismo tra le due variet\u00e0 e si determina un aumento della quantit\u00e0 di produzione&#8221;.<\/p>\n<p style=\"text-align: right;\"><strong>FD<\/strong><\/p>\n","protected":false},"excerpt":{"rendered":"<p><img loading=\"lazy\" decoding=\"async\" src=\"https:\/\/farm1.staticflickr.com\/869\/41243170542_6cf866f0bd_n.jpg\" alt=\".\" width=\"293\" height=\"320\" \/><\/p>\n","protected":false},"author":1,"featured_media":0,"comment_status":"open","ping_status":"closed","sticky":false,"template":"","format":"standard","meta":{"colormag_page_container_layout":"default_layout","colormag_page_sidebar_layout":"default_layout","footnotes":""},"categories":[7],"tags":[],"class_list":["post-15427","post","type-post","status-publish","format-standard","hentry","category-attualita"],"_links":{"self":[{"href":"https:\/\/archivioturi.lavocedelpaese.info\/index.php\/wp-json\/wp\/v2\/posts\/15427","targetHints":{"allow":["GET"]}}],"collection":[{"href":"https:\/\/archivioturi.lavocedelpaese.info\/index.php\/wp-json\/wp\/v2\/posts"}],"about":[{"href":"https:\/\/archivioturi.lavocedelpaese.info\/index.php\/wp-json\/wp\/v2\/types\/post"}],"author":[{"embeddable":true,"href":"https:\/\/archivioturi.lavocedelpaese.info\/index.php\/wp-json\/wp\/v2\/users\/1"}],"replies":[{"embeddable":true,"href":"https:\/\/archivioturi.lavocedelpaese.info\/index.php\/wp-json\/wp\/v2\/comments?post=15427"}],"version-history":[{"count":0,"href":"https:\/\/archivioturi.lavocedelpaese.info\/index.php\/wp-json\/wp\/v2\/posts\/15427\/revisions"}],"wp:attachment":[{"href":"https:\/\/archivioturi.lavocedelpaese.info\/index.php\/wp-json\/wp\/v2\/media?parent=15427"}],"wp:term":[{"taxonomy":"category","embeddable":true,"href":"https:\/\/archivioturi.lavocedelpaese.info\/index.php\/wp-json\/wp\/v2\/categories?post=15427"},{"taxonomy":"post_tag","embeddable":true,"href":"https:\/\/archivioturi.lavocedelpaese.info\/index.php\/wp-json\/wp\/v2\/tags?post=15427"}],"curies":[{"name":"wp","href":"https:\/\/api.w.org\/{rel}","templated":true}]}}