{"id":15426,"date":"2018-04-10T06:00:09","date_gmt":"2018-04-10T06:00:09","guid":{"rendered":"https:\/\/archivioturi.lavocedelpaese.info\/index.php\/2018\/04\/10\/de-grisantis-tutti-responsabili\/"},"modified":"2018-04-10T06:00:09","modified_gmt":"2018-04-10T06:00:09","slug":"de-grisantis-tutti-responsabili","status":"publish","type":"post","link":"https:\/\/archivioturi.lavocedelpaese.info\/index.php\/2018\/04\/10\/de-grisantis-tutti-responsabili\/","title":{"rendered":"De Grisantis: Tutti responsabili"},"content":{"rendered":"<p><img loading=\"lazy\" decoding=\"async\" src=\"https:\/\/farm1.staticflickr.com\/868\/27413595308_c4c2bb19bf_n.jpg\" alt=\"L'ex sindaco Nicola De Grisantis\" width=\"320\" height=\"180\" \/><\/p>\n<p style=\"text-align: center;\"><strong>\u201cSi poteva far cadere a gennaio e saremmo andati a elezioni il 10 giugno\u201d<\/strong><\/p>\n<p>&nbsp;<\/p>\n<p style=\"text-align: justify;\">Diamo la parola all\u2019ex sindaco Nicola De Grisantis.<\/p>\n<p style=\"text-align: justify;\"><strong><br \/><\/strong><\/p>\n<p style=\"text-align: justify;\"><strong>L\u2019amministrazione \u00e8 caduta. Di chi sono le colpe e le responsabilit\u00e0?<\/strong><\/p>\n<p style=\"text-align: justify;\">\u201cCertamente le responsabilit\u00e0 sono di chi ha amministrato, tanto sotto l\u2019aspetto gestionale quanto su quello politico. I cittadini hanno pazientemente (fin troppo) sub\u00ecto e risultano essere i veri danneggiati\u201d.<\/p>\n<p style=\"text-align: justify;\"><strong><br \/><\/strong><\/p>\n<p style=\"text-align: justify;\"><strong>Cosa non ha funzionato in questa esperienza?<\/strong><\/p>\n<p style=\"text-align: justify;\">\u201cL\u2019eccessiva eterogeneit\u00e0 caratteriale e formativa dei protagonisti\u201d.<\/p>\n<p style=\"text-align: justify;\"><strong><br \/><\/strong><\/p>\n<p style=\"text-align: justify;\"><strong>Lei conosce bene il Sindaco Coppi. Ritiene sia stato una vittima?<\/strong><\/p>\n<p style=\"text-align: justify;\">\u201cIl Sindaco \u00e8 stato, per 4 anni, l\u2019amministratore n. 1 ed in quanto tale, nel bene e nel male, responsabile di tutto. Certo, coadiuvato dai consiglieri comunali ed assessori che hanno gestito la cosa pubblica coamministrando con tutti i partiti di riferimento (tutti). D\u2019altra parte, lo scontento dei cittadini \u00e8 diffuso e ben indirizzato\u201d.<\/p>\n<p style=\"text-align: justify;\"><strong><br \/><\/strong><\/p>\n<p style=\"text-align: justify;\"><strong>Cosa lega l\u2019esperienza Resta a questa?<\/strong><\/p>\n<p style=\"text-align: justify;\">\u201cL\u2019 eccessiva diversit\u00e0 della compagine politica\u201d.<\/p>\n<p style=\"text-align: justify;\"><strong><br \/><\/strong><\/p>\n<p style=\"text-align: justify;\"><strong>Torna il Commissario. Era meglio l\u2019amministrazione o il commissariamento del Comune?<\/strong><\/p>\n<p style=\"text-align: justify;\">\u201cEra meglio l\u2019amministrazione che avrebbe dovuto amministrare nell\u2019interesse dei cittadini. Il Commissario \u00e8 un supplente, di breve periodo, con poteri molto limitati. \u00c8 banale quanto ho detto ma la realt\u00e0 \u00e8 che ormai mancano proprio le cose basilari: non siamo pi\u00f9 capaci di garantire il minimo indispensabile quale dovrebbe essere la \u201c buona amministrazione\u201d\u201d.<\/p>\n<p style=\"text-align: justify;\"><strong><br \/><\/strong><\/p>\n<p style=\"text-align: justify;\"><strong>Che altro vuole aggiungere?<\/strong><\/p>\n<p style=\"text-align: justify;\">\u201cChe la precariet\u00e0 che vivremo da oggi fino all\u2019insediamento della prossima amministrazione (giugno 2019) si poteva evitare se coloro che hanno deciso di uscire dalla maggioranza (che non \u00e8 solo il consigliere Tardi) avessero comunicato questa decisione entro lo scorso gennaio, s\u00ec da permettere le elezioni il prossimo 10 giugno e non tra 1 anno, dal momento che non si tratta di un provvedimento maturato lo scorso mese di marzo. Viene certamente da lontano.<\/p>\n<p style=\"text-align: justify;\">Il mancato sviluppo della nostra comunit\u00e0 in questo anno sar\u00e0 da ascrivere solo ed elusivamente a questa \u201ctardiva\u201d ufficializzazione. E questo ricadr\u00e0 non solo sulle spalle della cittadinanza ma anche su quelle dei \u201critardatari\u201d\u201d.<\/p>\n<p style=\"text-align: justify;\">&nbsp;<\/p>\n<p style=\"text-align: justify;\"><strong>Lei si candider\u00e0 alle prossime elezioni?<\/strong><\/p>\n<p>\u201cSono stato amministratore pubblico per 14 anni. Posso mettere a disposizione di chi vorr\u00e0 le poche conoscenze ed esperienze maturate in quegli anni\u201d.<\/p>\n<p style=\"text-align: right;\"><strong>N.T.<\/strong><\/p>\n","protected":false},"excerpt":{"rendered":"<p><img loading=\"lazy\" decoding=\"async\" src=\"https:\/\/farm1.staticflickr.com\/868\/27413595308_c4c2bb19bf_n.jpg\" alt=\"L'ex sindaco Nicola De Grisantis\" width=\"320\" height=\"180\" \/><\/p>\n","protected":false},"author":1,"featured_media":0,"comment_status":"open","ping_status":"closed","sticky":false,"template":"","format":"standard","meta":{"colormag_page_container_layout":"default_layout","colormag_page_sidebar_layout":"default_layout","footnotes":""},"categories":[4],"tags":[],"class_list":["post-15426","post","type-post","status-publish","format-standard","hentry","category-politica"],"_links":{"self":[{"href":"https:\/\/archivioturi.lavocedelpaese.info\/index.php\/wp-json\/wp\/v2\/posts\/15426","targetHints":{"allow":["GET"]}}],"collection":[{"href":"https:\/\/archivioturi.lavocedelpaese.info\/index.php\/wp-json\/wp\/v2\/posts"}],"about":[{"href":"https:\/\/archivioturi.lavocedelpaese.info\/index.php\/wp-json\/wp\/v2\/types\/post"}],"author":[{"embeddable":true,"href":"https:\/\/archivioturi.lavocedelpaese.info\/index.php\/wp-json\/wp\/v2\/users\/1"}],"replies":[{"embeddable":true,"href":"https:\/\/archivioturi.lavocedelpaese.info\/index.php\/wp-json\/wp\/v2\/comments?post=15426"}],"version-history":[{"count":0,"href":"https:\/\/archivioturi.lavocedelpaese.info\/index.php\/wp-json\/wp\/v2\/posts\/15426\/revisions"}],"wp:attachment":[{"href":"https:\/\/archivioturi.lavocedelpaese.info\/index.php\/wp-json\/wp\/v2\/media?parent=15426"}],"wp:term":[{"taxonomy":"category","embeddable":true,"href":"https:\/\/archivioturi.lavocedelpaese.info\/index.php\/wp-json\/wp\/v2\/categories?post=15426"},{"taxonomy":"post_tag","embeddable":true,"href":"https:\/\/archivioturi.lavocedelpaese.info\/index.php\/wp-json\/wp\/v2\/tags?post=15426"}],"curies":[{"name":"wp","href":"https:\/\/api.w.org\/{rel}","templated":true}]}}