{"id":15421,"date":"2018-04-08T09:00:24","date_gmt":"2018-04-08T09:00:24","guid":{"rendered":"https:\/\/archivioturi.lavocedelpaese.info\/index.php\/2018\/04\/08\/pasquetta-da-incivili\/"},"modified":"2018-04-08T09:00:24","modified_gmt":"2018-04-08T09:00:24","slug":"pasquetta-da-incivili","status":"publish","type":"post","link":"https:\/\/archivioturi.lavocedelpaese.info\/index.php\/2018\/04\/08\/pasquetta-da-incivili\/","title":{"rendered":"Pasquetta da incivili"},"content":{"rendered":"<p><img loading=\"lazy\" decoding=\"async\" src=\"https:\/\/farm1.staticflickr.com\/871\/40389209085_75ca4a7c42_n.jpg\" alt=\"Bosco Monteferraro Turi\" width=\"240\" height=\"320\" \/><\/p>\n<p style=\"text-align: justify;\">Possiamo fare tutti i reclami, le lamentele e le denunce di questo mondo, ma se non c\u2019\u00e8 la collaborazione dei cittadini con rispetto civico e un briciolo di amor proprio, non andiamo da nessuna parte. \u00c8 il commento alle immagini di quello che resta in zona Monteferraro dopo la classica scampagnata di Pasquetta. Piatti e bicchieri di plastica, barbecue, bottiglie di plastica e vetro, carte: uno scempio a cui, purtroppo, siamo abituati ad assistere dopo ogni giornata campestre. <img loading=\"lazy\" decoding=\"async\" src=\"https:\/\/farm1.staticflickr.com\/899\/40389209205_6154c4882a_n.jpg\" alt=\"Bosco Monteferraro Turi (2)\" style=\"margin: 5px; float: right;\" width=\"320\" height=\"240\" \/><\/p>\n<p style=\"text-align: justify;\">Si parla sempre e solo della politica egoista, cieca, nullafacente per la vita civica cittadina e siamo d\u2019accordo&#8230; ma se i cittadini votano, come lasciano dopo aver consumato (come testimoniano le foto), non ci dobbiamo meravigliare di quello che accade a Turi&#8230;<\/p>\n<p style=\"text-align: justify;\">La \u201cpolitica\u201d \u00e8 sempre espressione degli stessi cittadini. La protesta, il cambiamento, la rinascita come si vuol chiamare, parte dalla cittadinanza allargata che non deve solo vomitare lamentele, ma concretizzare i propositi con atteggiamenti di rispetto altrui e dell\u2019ambiente.<\/p>\n<p style=\"text-align: justify;\">Ma se la situazione dopo Pasquetta, quando si sono trascorse ore di svago all\u2019insegna dell\u2019incivilt\u00e0 \u00e8 questa, \u00e8 davvero emblematica. I resti dei banchetti all\u2019aperto sono stati lasciati in terra, rovinando cos\u00ec luoghi di rara bellezza ed inquinando la natura circostante che poco prima aveva regalato tranquillit\u00e0 e gioia.<\/p>\n","protected":false},"excerpt":{"rendered":"<p><img loading=\"lazy\" decoding=\"async\" src=\"https:\/\/farm1.staticflickr.com\/871\/40389209085_75ca4a7c42_n.jpg\" alt=\"Bosco Monteferraro Turi\" width=\"240\" height=\"320\" \/><\/p>\n","protected":false},"author":1,"featured_media":0,"comment_status":"open","ping_status":"closed","sticky":false,"template":"","format":"standard","meta":{"colormag_page_container_layout":"default_layout","colormag_page_sidebar_layout":"default_layout","footnotes":""},"categories":[7],"tags":[],"class_list":["post-15421","post","type-post","status-publish","format-standard","hentry","category-attualita"],"_links":{"self":[{"href":"https:\/\/archivioturi.lavocedelpaese.info\/index.php\/wp-json\/wp\/v2\/posts\/15421","targetHints":{"allow":["GET"]}}],"collection":[{"href":"https:\/\/archivioturi.lavocedelpaese.info\/index.php\/wp-json\/wp\/v2\/posts"}],"about":[{"href":"https:\/\/archivioturi.lavocedelpaese.info\/index.php\/wp-json\/wp\/v2\/types\/post"}],"author":[{"embeddable":true,"href":"https:\/\/archivioturi.lavocedelpaese.info\/index.php\/wp-json\/wp\/v2\/users\/1"}],"replies":[{"embeddable":true,"href":"https:\/\/archivioturi.lavocedelpaese.info\/index.php\/wp-json\/wp\/v2\/comments?post=15421"}],"version-history":[{"count":0,"href":"https:\/\/archivioturi.lavocedelpaese.info\/index.php\/wp-json\/wp\/v2\/posts\/15421\/revisions"}],"wp:attachment":[{"href":"https:\/\/archivioturi.lavocedelpaese.info\/index.php\/wp-json\/wp\/v2\/media?parent=15421"}],"wp:term":[{"taxonomy":"category","embeddable":true,"href":"https:\/\/archivioturi.lavocedelpaese.info\/index.php\/wp-json\/wp\/v2\/categories?post=15421"},{"taxonomy":"post_tag","embeddable":true,"href":"https:\/\/archivioturi.lavocedelpaese.info\/index.php\/wp-json\/wp\/v2\/tags?post=15421"}],"curies":[{"name":"wp","href":"https:\/\/api.w.org\/{rel}","templated":true}]}}