{"id":15420,"date":"2018-04-08T06:06:16","date_gmt":"2018-04-08T06:06:16","guid":{"rendered":"https:\/\/archivioturi.lavocedelpaese.info\/index.php\/2018\/04\/08\/a-galatina-riprende-la-corsa-per-il-secondo-posto\/"},"modified":"2018-04-08T06:06:16","modified_gmt":"2018-04-08T06:06:16","slug":"a-galatina-riprende-la-corsa-per-il-secondo-posto","status":"publish","type":"post","link":"https:\/\/archivioturi.lavocedelpaese.info\/index.php\/2018\/04\/08\/a-galatina-riprende-la-corsa-per-il-secondo-posto\/","title":{"rendered":"A Galatina riprende la corsa per il secondo posto"},"content":{"rendered":"<p><img loading=\"lazy\" decoding=\"async\" src=\"https:\/\/farm1.staticflickr.com\/900\/26413822277_8acb3d25cb_n.jpg\" alt=\"Turi vs Galatina\" width=\"320\" height=\"240\" \/><\/p>\n<p style=\"text-align: justify;\">Dopo l\u2019esperienza nella Final Four di Coppa Puglia, la squadra turese \u00e8 tornata in palestra ad allenarsi per preparare al meglio il rush finale della regular season che passa per tre finali: Galatina e Palo in trasferta, con l\u2019intermezzo casalingo contro la capolista indiscussa del girone B Casarano.<\/p>\n<p style=\"text-align: justify;\">Si riparte dalla vittoria contro il San Vito, ottenuta il 24 marzo scorso, e lo step by step sino alla fine del campionato prevede per oggi, domenica 8 aprile, l\u2019insidiosa trasferta a Galatina contro lo Showy Boy di mister Gianluca Nuzzo. Una squadra che nell\u2019ultimo turno ha raggiunto la matematica salvezza ma allo stesso tempo non doma e alla ricerca, senza il peso psicologico del risultato a tutti i costi, del successo speciale contro una delle prime della classe.<\/p>\n<p style=\"text-align: justify;\">Difficolt\u00e0 aumentate dal fattore campo poich\u00e9, come da tradizione, le compagini salentine sui propri parquet si esprimono al meglio, mettendo in difficolt\u00e0 qualsiasi avversario, cos\u00ec come confermato anche in questa stagione.<\/p>\n<p style=\"text-align: justify;\">I ragazzi di mister Difino sono consapevoli che per conservare la seconda piazza d\u2019onore servir\u00e0 fare risultato anche a Galatina con una prova attenta e concentrata. Appuntamento al Pala \u201cFernando Panico\u201d, questa sera alle 18.30, per la gara della ventesima giornata del girone B.<\/p>\n","protected":false},"excerpt":{"rendered":"<p><img loading=\"lazy\" decoding=\"async\" src=\"https:\/\/farm1.staticflickr.com\/900\/26413822277_8acb3d25cb_n.jpg\" alt=\"Turi vs Galatina\" width=\"320\" height=\"240\" \/><\/p>\n","protected":false},"author":1,"featured_media":0,"comment_status":"open","ping_status":"closed","sticky":false,"template":"","format":"standard","meta":{"colormag_page_container_layout":"default_layout","colormag_page_sidebar_layout":"default_layout","footnotes":""},"categories":[5],"tags":[],"class_list":["post-15420","post","type-post","status-publish","format-standard","hentry","category-sport"],"_links":{"self":[{"href":"https:\/\/archivioturi.lavocedelpaese.info\/index.php\/wp-json\/wp\/v2\/posts\/15420","targetHints":{"allow":["GET"]}}],"collection":[{"href":"https:\/\/archivioturi.lavocedelpaese.info\/index.php\/wp-json\/wp\/v2\/posts"}],"about":[{"href":"https:\/\/archivioturi.lavocedelpaese.info\/index.php\/wp-json\/wp\/v2\/types\/post"}],"author":[{"embeddable":true,"href":"https:\/\/archivioturi.lavocedelpaese.info\/index.php\/wp-json\/wp\/v2\/users\/1"}],"replies":[{"embeddable":true,"href":"https:\/\/archivioturi.lavocedelpaese.info\/index.php\/wp-json\/wp\/v2\/comments?post=15420"}],"version-history":[{"count":0,"href":"https:\/\/archivioturi.lavocedelpaese.info\/index.php\/wp-json\/wp\/v2\/posts\/15420\/revisions"}],"wp:attachment":[{"href":"https:\/\/archivioturi.lavocedelpaese.info\/index.php\/wp-json\/wp\/v2\/media?parent=15420"}],"wp:term":[{"taxonomy":"category","embeddable":true,"href":"https:\/\/archivioturi.lavocedelpaese.info\/index.php\/wp-json\/wp\/v2\/categories?post=15420"},{"taxonomy":"post_tag","embeddable":true,"href":"https:\/\/archivioturi.lavocedelpaese.info\/index.php\/wp-json\/wp\/v2\/tags?post=15420"}],"curies":[{"name":"wp","href":"https:\/\/api.w.org\/{rel}","templated":true}]}}