{"id":15407,"date":"2018-04-05T05:12:13","date_gmt":"2018-04-05T05:12:13","guid":{"rendered":"https:\/\/archivioturi.lavocedelpaese.info\/index.php\/2018\/04\/05\/rigenerazione-urbana-pubblicata-la-graduatoria-provvisoria\/"},"modified":"2018-04-05T05:12:13","modified_gmt":"2018-04-05T05:12:13","slug":"rigenerazione-urbana-pubblicata-la-graduatoria-provvisoria","status":"publish","type":"post","link":"https:\/\/archivioturi.lavocedelpaese.info\/index.php\/2018\/04\/05\/rigenerazione-urbana-pubblicata-la-graduatoria-provvisoria\/","title":{"rendered":"Rigenerazione Urbana, pubblicata la graduatoria provvisoria"},"content":{"rendered":"<p><img loading=\"lazy\" decoding=\"async\" src=\"https:\/\/farm1.staticflickr.com\/784\/40414326944_605d977860_n.jpg\" alt=\"Il Sindaco Coppi insieme ai colleghi di Casamassima e Sammichele\" width=\"320\" height=\"240\" \/><\/p>\n<p style=\"text-align: center;\"><strong>Turi, in raggruppamento con Casamassima e Sammichele, si posiziona al 47esimo posto<\/strong><\/p>\n<p style=\"text-align: justify;\">Si \u00e8 conclusa la prima fase di valutazione del bando regionale sulla Rigenerazione Urbana, approvato a maggio dello scorso anno dalla Giunta regionale, finalizzato a selezionare Aree Urbane caratterizzate da particolari condizioni di marginalit\u00e0 sociale ed economica nelle quali creare o migliorare servizi, favorendo processi di inclusione sociale.<\/p>\n<p style=\"text-align: justify;\">Il 22 marzo, difatti, il Dipartimento regionale &#8220;Mobilit\u00e0, qualit\u00e0 urbana, opere pubbliche e paesaggio&#8221; ha definito e pubblicato la graduatoria provvisoria. Su 89 progetti pervenuti, sono state individuate 83 Aree Urbane che saranno destinatarie dei 108 milioni di euro messi a disposizione dalla Regione.<\/p>\n<p style=\"text-align: justify;\">Il Comune di Turi, che si \u00e8 presentato in raggruppamento con Casamassima (capofila) e Sammichele, si \u00e8 collocato al 47esimo posto. Una posizione &#8220;scomoda&#8221;: con l&#8217;attuale dotazione finanziaria prevista per il bando, il nostro Ente &#8211; come molti altri &#8211; sarebbe tagliato fuori dall&#8217;accesso al finanziamento. Tuttavia, l&#8217;assessore regionale all&#8217;Urbanistica, Alfonso Pisicchio, si \u00e8 impegnato a rimpinguare il fondo, recuperando ulteriori risorse.<\/p>\n<p style=\"text-align: justify;\">&#8220;Sul bando della Rigenerazione Urbana &#8211; precisa Pisicchio &#8211; non resteremo indifferenti alle tante richieste che stanno giungendo in queste ore e da pi\u00f9 parti: ampliare il fondo iniziale di 108 milioni di euro al fine di scorrere la graduatoria finale. Non a caso assieme al collega al Bilancio, l&#8217;assessore Raffaele Piemontese, stiamo gi\u00e0 ragionando sulla possibilit\u00e0 di reperire altre risorse. Stessa considerazione l&#8217;abbiamo affrontata anche con il presidente della Commissione Bilancio, Fabiano Amati. E sono convinto che su un simile tema ci sar\u00e0 la massima collaborazione&#8221;.<\/p>\n<p style=\"text-align: justify;\">&#8220;L&#8217;interesse suscitato dalla pubblicazione della prima e provvisoria graduatoria &#8211; conclude l&#8217;assessore regionale &#8211; dimostra che la rigenerazione urbana \u00e8 uno dei principali pilastri sui quali i Comuni, dai pi\u00f9 grandi ai pi\u00f9 piccoli, hanno davvero voglia di rilanciare e riqualificare i territori. Sono molto soddisfatto perch\u00e9 questi bandi ci convincono sempre pi\u00f9 della necessit\u00e0 di investire sulla qualit\u00e0 della vita, sulla ricucitura dei tessuti urbani e sull&#8217;ambiente. Insomma, \u00e8 la giusta strada verso il cambiamento&#8221;.<\/p>\n","protected":false},"excerpt":{"rendered":"<p><img loading=\"lazy\" decoding=\"async\" src=\"https:\/\/farm1.staticflickr.com\/784\/40414326944_605d977860_n.jpg\" alt=\"Il Sindaco Coppi insieme ai colleghi di Casamassima e Sammichele\" width=\"320\" height=\"240\" \/><\/p>\n","protected":false},"author":1,"featured_media":0,"comment_status":"open","ping_status":"closed","sticky":false,"template":"","format":"standard","meta":{"colormag_page_container_layout":"default_layout","colormag_page_sidebar_layout":"default_layout","footnotes":""},"categories":[4],"tags":[],"class_list":["post-15407","post","type-post","status-publish","format-standard","hentry","category-politica"],"_links":{"self":[{"href":"https:\/\/archivioturi.lavocedelpaese.info\/index.php\/wp-json\/wp\/v2\/posts\/15407","targetHints":{"allow":["GET"]}}],"collection":[{"href":"https:\/\/archivioturi.lavocedelpaese.info\/index.php\/wp-json\/wp\/v2\/posts"}],"about":[{"href":"https:\/\/archivioturi.lavocedelpaese.info\/index.php\/wp-json\/wp\/v2\/types\/post"}],"author":[{"embeddable":true,"href":"https:\/\/archivioturi.lavocedelpaese.info\/index.php\/wp-json\/wp\/v2\/users\/1"}],"replies":[{"embeddable":true,"href":"https:\/\/archivioturi.lavocedelpaese.info\/index.php\/wp-json\/wp\/v2\/comments?post=15407"}],"version-history":[{"count":0,"href":"https:\/\/archivioturi.lavocedelpaese.info\/index.php\/wp-json\/wp\/v2\/posts\/15407\/revisions"}],"wp:attachment":[{"href":"https:\/\/archivioturi.lavocedelpaese.info\/index.php\/wp-json\/wp\/v2\/media?parent=15407"}],"wp:term":[{"taxonomy":"category","embeddable":true,"href":"https:\/\/archivioturi.lavocedelpaese.info\/index.php\/wp-json\/wp\/v2\/categories?post=15407"},{"taxonomy":"post_tag","embeddable":true,"href":"https:\/\/archivioturi.lavocedelpaese.info\/index.php\/wp-json\/wp\/v2\/tags?post=15407"}],"curies":[{"name":"wp","href":"https:\/\/api.w.org\/{rel}","templated":true}]}}