{"id":15400,"date":"2018-04-03T05:25:32","date_gmt":"2018-04-03T05:25:32","guid":{"rendered":"https:\/\/archivioturi.lavocedelpaese.info\/index.php\/2018\/04\/03\/turi-perde-il-suo-senatore\/"},"modified":"2018-04-03T05:25:32","modified_gmt":"2018-04-03T05:25:32","slug":"turi-perde-il-suo-senatore","status":"publish","type":"post","link":"https:\/\/archivioturi.lavocedelpaese.info\/index.php\/2018\/04\/03\/turi-perde-il-suo-senatore\/","title":{"rendered":"Turi perde il suo Senatore?"},"content":{"rendered":"<p><img loading=\"lazy\" decoding=\"async\" src=\"https:\/\/farm1.staticflickr.com\/796\/27251081498_791fa7a89f_n.jpg\" alt=\"Michele Boccardi\" width=\"290\" height=\"320\" \/><\/p>\n<p style=\"text-align: center;\"><strong>Presentato il ricorso, si dovr\u00e0 attendere l&#8217;esame della nuova Giunta Elettorale<\/strong><\/p>\n<p>Michele Boccardi, senatore uscente di Forza Italia, non ci sta ad accettare l&#8217;interpretazione &#8220;anomala&#8221; della Corte d&#8217;Appello di Bari che, lo scorso 22 marzo, ha decretato l&#8217;esclusione dalla lista degli eletti del senatore turese in favore della molfettese Carmela Minuto.<\/p>\n<p>Una doccia scozzese contro cui Boccardi, assistito dal deputato Francesco Paolo Sisto, ha presentato ricorso presso la Giunta Parlamentare delle Elezioni. Appena l&#8217;organismo si insedier\u00e0, la sua istanza sar\u00e0 esaminata come primo punto all&#8217;ordine del giorno, con l&#8217;augurio che, nel minor tempo possibile, sia possibile giungere ad una soluzione della controversia.<\/p>\n<p>Secondo Boccardi, la sezione barese della Corte d&#8217;Appello barese &#8211; presieduta dal giudice martinese Michele Ancona &#8211; ha interpretato la legge non solo in difformit\u00e0 dalla sezione Camera ma anche dall&#8217;orientamento di tutta Italia, determinando una riassegnazione dei seggi diversa da quella disposta precedentemente dal Viminale ed innescando un&#8217;instabilit\u00e0 politica: ad oggi pi\u00f9 di trenta parlamentari hanno gi\u00e0 presentato ricorso e il numero \u00e8 destinato ad aumentare. Tutto questo mette Camera e Senato in una situazione di precariet\u00e0 nei lavori parlamentari, fin quando non si dirimer\u00e0 ogni controversia.<\/p>\n","protected":false},"excerpt":{"rendered":"<p><img loading=\"lazy\" decoding=\"async\" src=\"https:\/\/farm1.staticflickr.com\/796\/27251081498_791fa7a89f_n.jpg\" alt=\"Michele Boccardi\" width=\"290\" height=\"320\" \/><\/p>\n","protected":false},"author":1,"featured_media":0,"comment_status":"open","ping_status":"closed","sticky":false,"template":"","format":"standard","meta":{"colormag_page_container_layout":"default_layout","colormag_page_sidebar_layout":"default_layout","footnotes":""},"categories":[4],"tags":[],"class_list":["post-15400","post","type-post","status-publish","format-standard","hentry","category-politica"],"_links":{"self":[{"href":"https:\/\/archivioturi.lavocedelpaese.info\/index.php\/wp-json\/wp\/v2\/posts\/15400","targetHints":{"allow":["GET"]}}],"collection":[{"href":"https:\/\/archivioturi.lavocedelpaese.info\/index.php\/wp-json\/wp\/v2\/posts"}],"about":[{"href":"https:\/\/archivioturi.lavocedelpaese.info\/index.php\/wp-json\/wp\/v2\/types\/post"}],"author":[{"embeddable":true,"href":"https:\/\/archivioturi.lavocedelpaese.info\/index.php\/wp-json\/wp\/v2\/users\/1"}],"replies":[{"embeddable":true,"href":"https:\/\/archivioturi.lavocedelpaese.info\/index.php\/wp-json\/wp\/v2\/comments?post=15400"}],"version-history":[{"count":0,"href":"https:\/\/archivioturi.lavocedelpaese.info\/index.php\/wp-json\/wp\/v2\/posts\/15400\/revisions"}],"wp:attachment":[{"href":"https:\/\/archivioturi.lavocedelpaese.info\/index.php\/wp-json\/wp\/v2\/media?parent=15400"}],"wp:term":[{"taxonomy":"category","embeddable":true,"href":"https:\/\/archivioturi.lavocedelpaese.info\/index.php\/wp-json\/wp\/v2\/categories?post=15400"},{"taxonomy":"post_tag","embeddable":true,"href":"https:\/\/archivioturi.lavocedelpaese.info\/index.php\/wp-json\/wp\/v2\/tags?post=15400"}],"curies":[{"name":"wp","href":"https:\/\/api.w.org\/{rel}","templated":true}]}}