{"id":15370,"date":"2018-03-26T07:00:23","date_gmt":"2018-03-26T07:00:23","guid":{"rendered":"https:\/\/archivioturi.lavocedelpaese.info\/index.php\/2018\/03\/26\/cambia-il-calendario-per-la-raccolta-differenziata\/"},"modified":"2018-03-26T07:00:23","modified_gmt":"2018-03-26T07:00:23","slug":"cambia-il-calendario-per-la-raccolta-differenziata","status":"publish","type":"post","link":"https:\/\/archivioturi.lavocedelpaese.info\/index.php\/2018\/03\/26\/cambia-il-calendario-per-la-raccolta-differenziata\/","title":{"rendered":"Cambia il calendario per la raccolta differenziata"},"content":{"rendered":"<p><img loading=\"lazy\" decoding=\"async\" src=\"https:\/\/farm5.staticflickr.com\/4785\/27104932268_93c3d24365_n.jpg\" alt=\"raccolta-differenziata\" width=\"320\" height=\"215\" \/><\/p>\n<p style=\"text-align: center;\"><strong>Dal mese di aprile l&#8217;indifferenziato si conferir\u00e0 il gioved\u00ec<\/strong><\/p>\n<p>Cambia il calendario di conferimento dei rifiuti a Turi. L&#8217;amministrazione comunale, sempre attenta alle esigenze dei cittadini, ha apportato una piccola modifica al calendario di conferimento che non comporter\u00e0 significativi cambiamenti nelle abitudini gi\u00e0 acquisite. Dal mese di aprile, infatti, l&#8217;indifferenziato (secco residuo) si dovr\u00e0 conferire il gioved\u00ec mentre il venerd\u00ec toccher\u00e0 all&#8217;organico.<\/p>\n<p>Per evitare disagi e informare nel modo migliore e pi\u00f9 capillare possibile tutti gli utenti \u00e8 stata predisposta una campagna di comunicazione che prevede l\u2019affissione di manifesti e locandine nei punti nevralgici della citt\u00e0. Inoltre, in questi giorni \u00e8 stata spedita a tutte le utenze, \u201cdomestiche\u201d e \u201cnon domestiche\u201d, una lettera informativa contenente il calendario aggiornato e una serie di informazioni specifiche per ogni tipologia di utenza.<\/p>\n<p>Per chiarire eventuali dubbi si pu\u00f2 chiamare il numero verde di Navita srl (800.098.563, attivo dal luned\u00ec al venerd\u00ec dalle 9 alle 13 e dalle 15 alle 18), visitare il sito internet <a href=\"http:\/\/www.aroba5.it\" target=\"_blank\" marked=\"1\" rel=\"noopener\">www.aroba5.it<\/a> ed utilizzare l\u2019apposito modulo di richiesta informazioni, visitare la pagina Facebook AroBa5 o inviare una e-mail a <a href=\"mailto:info@navita.it\" target=\"_blank\" marked=\"1\" rel=\"noopener\">info@navita.it<\/a>.<\/p>\n<p>Navita, incaricata del servizio di raccolta porta a porta, igiene e pulizia urbana, ricorda inoltre che i rifiuti devono essere conferiti sempre negli appositi contenitori consegnati all&#8217;utenza. \u00c8 importante, infatti che ciascun utente esponga i contenitori rispettando i giorni di conferimento della propria zona e che si accerti che non vi siano impurit\u00e0 in quello che viene conferito onde evitare la segnalazione agli uffici comunali preposti e il mancato ritiro dei rifiuti.<\/p>\n<p>Inoltre si ricorda che i contenitori devono essere esposti tutti i giorni tra le 21 e le 24, e che il sabato \u00e8 vietato conferire rifiuti.<\/p>\n<p>&nbsp;<\/p>\n<p><strong>ALTRE INFORMAZIONI UTILI<\/strong><\/p>\n<p>Per i rifiuti ingombranti le utenze domestiche hanno a disposizione due ritiri gratuiti a domicilio, su prenotazione. I cittadini, inoltre, possono conferire al Centro Comunale di Raccolta, ubicato in Contrada Campo Nobile, tutti i rifiuti, compresi gli sfalci di potatura, con l&#8217;esclusione del secco residuo, dei pannolini e pannoloni e di particolari rifiuti non comuni come cartongesso, guaina bituminosa, etc. <br \/>Fino a maggio, il Centro Comunale di Raccolta \u00e8 aperto dal luned\u00ec al gioved\u00ec dalle ore 7.30 alle ore 13.30; il luned\u00ec ed il gioved\u00ec anche nella fascia pomeridiana, dalle ore 15.00 alle ore 18.00.<\/p>\n<p>Per svolgere correttamente la raccolta differenziata, prenotare ritiri, richiedere e inviare segnalazioni \u00e8 possibile usare anche l&#8217;App AroBa5 disponibile per Android e iOS. Per i pi\u00f9 piccoli \u00e8 disponibile l&#8217;App Capitan Aro per imparare a differenziare giocando.<\/p>\n","protected":false},"excerpt":{"rendered":"<p><img loading=\"lazy\" decoding=\"async\" src=\"https:\/\/farm5.staticflickr.com\/4785\/27104932268_93c3d24365_n.jpg\" alt=\"raccolta-differenziata\" width=\"320\" height=\"215\" \/><\/p>\n","protected":false},"author":1,"featured_media":0,"comment_status":"open","ping_status":"closed","sticky":false,"template":"","format":"standard","meta":{"colormag_page_container_layout":"default_layout","colormag_page_sidebar_layout":"default_layout","footnotes":""},"categories":[7],"tags":[],"class_list":["post-15370","post","type-post","status-publish","format-standard","hentry","category-attualita"],"_links":{"self":[{"href":"https:\/\/archivioturi.lavocedelpaese.info\/index.php\/wp-json\/wp\/v2\/posts\/15370","targetHints":{"allow":["GET"]}}],"collection":[{"href":"https:\/\/archivioturi.lavocedelpaese.info\/index.php\/wp-json\/wp\/v2\/posts"}],"about":[{"href":"https:\/\/archivioturi.lavocedelpaese.info\/index.php\/wp-json\/wp\/v2\/types\/post"}],"author":[{"embeddable":true,"href":"https:\/\/archivioturi.lavocedelpaese.info\/index.php\/wp-json\/wp\/v2\/users\/1"}],"replies":[{"embeddable":true,"href":"https:\/\/archivioturi.lavocedelpaese.info\/index.php\/wp-json\/wp\/v2\/comments?post=15370"}],"version-history":[{"count":0,"href":"https:\/\/archivioturi.lavocedelpaese.info\/index.php\/wp-json\/wp\/v2\/posts\/15370\/revisions"}],"wp:attachment":[{"href":"https:\/\/archivioturi.lavocedelpaese.info\/index.php\/wp-json\/wp\/v2\/media?parent=15370"}],"wp:term":[{"taxonomy":"category","embeddable":true,"href":"https:\/\/archivioturi.lavocedelpaese.info\/index.php\/wp-json\/wp\/v2\/categories?post=15370"},{"taxonomy":"post_tag","embeddable":true,"href":"https:\/\/archivioturi.lavocedelpaese.info\/index.php\/wp-json\/wp\/v2\/tags?post=15370"}],"curies":[{"name":"wp","href":"https:\/\/api.w.org\/{rel}","templated":true}]}}