{"id":1537,"date":"2010-02-24T11:49:10","date_gmt":"2010-02-24T11:49:10","guid":{"rendered":"https:\/\/archivioturi.lavocedelpaese.info\/index.php\/2010\/02\/24\/ventricelli-energia-pulita-la-puglia-allavanguardia\/"},"modified":"2010-02-24T11:49:10","modified_gmt":"2010-02-24T11:49:10","slug":"ventricelli-energia-pulita-la-puglia-allavanguardia","status":"publish","type":"post","link":"https:\/\/archivioturi.lavocedelpaese.info\/index.php\/2010\/02\/24\/ventricelli-energia-pulita-la-puglia-allavanguardia\/","title":{"rendered":"VENTRICELLI, IL CANDIDATO DI SINISTRA ECOLOGIA E LIBERTA&#8217;"},"content":{"rendered":"<p><strong><img loading=\"lazy\" decoding=\"async\" class=\" size-full wp-image-1536\" alt=\"ventricelli\" src=\"https:\/\/archivioturi.lavocedelpaese.info\/wp-content\/uploads\/2010\/02\/ventricelli.jpg\" height=\"150\" width=\"320\" srcset=\"https:\/\/archivioturi.lavocedelpaese.info\/wp-content\/uploads\/2010\/02\/ventricelli.jpg 640w, https:\/\/archivioturi.lavocedelpaese.info\/wp-content\/uploads\/2010\/02\/ventricelli-300x141.jpg 300w\" sizes=\"auto, (max-width: 320px) 100vw, 320px\" \/><\/strong><\/p>\n<div style=\"text-align: justify;\"><\/div>\n<p style=\"text-align: justify;\"><span style=\"font-size: 10pt;\"><span style=\"font-family: verdana,geneva;\">La sera del 23 febbraio, presso la sede di Sinistra ecologia e libert\u00e0, c\u2019\u00e8 stata la presentazione del candidato alle prossime Regionali nella lista del Sel, Michele Ventricelli. Davanti a una quarantina di persone, ha aperto i lavori il coordinatore del partito, Angelo Maggipinto, che ha spronato i compagni a sostenere il candidato Ventricelli. \u00c8 stata la volta di Nico Catalano che, a detta di tutti, rappresenta il faro, l\u2019uomo-simbolo del partito, e ha parlato in generale della situazione politica ed economica regionale. Si \u00e8 soffermato sulle difficolt\u00e0 di questa campagna elettorale: \u201cNon sar\u00e0 tutta in discesa come vogliono farci credere. Bisogner\u00e0 impegnarsi. Guai a chi pensa che il risultato \u00e8 raggiunto. Per me \u00e8 in salita invece, con <strong>il voto disgiunto che pu\u00f2 creare problemi<\/strong>. Dobbiamo non abbassare la guardia, dobbiamo dire a tutti come Vendola abbia fatto fare un grande salto di qualit\u00e0 alla nostra regione. Tanto \u00e8 vero che, parlando con Errani, presidente della Emilia-Romagna, mi informava che, per quanto riguarda l\u2019assessorato all\u2019ecologia e ambiente, prender\u00e0 come esempio la Puglia di Vendola\u201d.<\/span><\/span><\/p>\n<div style=\"text-align: justify;\"><\/div>\n<p style=\"text-align: justify;\"><span style=\"font-size: 10pt;\"><span style=\"font-family: verdana,geneva;\">E finalmente il discorso tanto atteso del candidato consigliere regionale, Michele Ventricelli che ha elencato le sue attivit\u00e0 di consigliere nei 5 anni trascorsi, mettendo in evidenza il suo lavoro nelle commissioni affari istituzionali. Ha continuato parlando di ci\u00f2 che fatto in Commissione Ambiente con la regolamentazione delle emissioni elettromagnetiche, la regolamentazione di tutte le fonti alternative: eolico, fotovoltaico fino alla legge anti-diossina a Taranto. Si \u00e8 giustamente infine dilungato sulla eliminazione della precariet\u00e0 per 8mila operatori sanitari finalmente assunti a tempo indeterminato, con lui che ha presieduto la Commissione salute. Dal pubblico ci sono stati interventi di plauso e di incoraggiamento per il candidato Michele Ventricelli.<\/span><\/span><\/p>\n","protected":false},"excerpt":{"rendered":"<p><strong><img loading=\"lazy\" decoding=\"async\" class=\" size-full wp-image-1536\" alt=\"ventricelli\" src=\"https:\/\/archivioturi.lavocedelpaese.info\/wp-content\/uploads\/2010\/02\/ventricelli.jpg\" height=\"150\" width=\"320\" srcset=\"https:\/\/archivioturi.lavocedelpaese.info\/wp-content\/uploads\/2010\/02\/ventricelli.jpg 640w, https:\/\/archivioturi.lavocedelpaese.info\/wp-content\/uploads\/2010\/02\/ventricelli-300x141.jpg 300w\" sizes=\"auto, (max-width: 320px) 100vw, 320px\" \/><\/strong><\/p>\n","protected":false},"author":1,"featured_media":1536,"comment_status":"open","ping_status":"closed","sticky":false,"template":"","format":"standard","meta":{"colormag_page_container_layout":"default_layout","colormag_page_sidebar_layout":"default_layout","footnotes":""},"categories":[4],"tags":[],"class_list":["post-1537","post","type-post","status-publish","format-standard","has-post-thumbnail","hentry","category-politica"],"_links":{"self":[{"href":"https:\/\/archivioturi.lavocedelpaese.info\/index.php\/wp-json\/wp\/v2\/posts\/1537","targetHints":{"allow":["GET"]}}],"collection":[{"href":"https:\/\/archivioturi.lavocedelpaese.info\/index.php\/wp-json\/wp\/v2\/posts"}],"about":[{"href":"https:\/\/archivioturi.lavocedelpaese.info\/index.php\/wp-json\/wp\/v2\/types\/post"}],"author":[{"embeddable":true,"href":"https:\/\/archivioturi.lavocedelpaese.info\/index.php\/wp-json\/wp\/v2\/users\/1"}],"replies":[{"embeddable":true,"href":"https:\/\/archivioturi.lavocedelpaese.info\/index.php\/wp-json\/wp\/v2\/comments?post=1537"}],"version-history":[{"count":0,"href":"https:\/\/archivioturi.lavocedelpaese.info\/index.php\/wp-json\/wp\/v2\/posts\/1537\/revisions"}],"wp:featuredmedia":[{"embeddable":true,"href":"https:\/\/archivioturi.lavocedelpaese.info\/index.php\/wp-json\/wp\/v2\/media\/1536"}],"wp:attachment":[{"href":"https:\/\/archivioturi.lavocedelpaese.info\/index.php\/wp-json\/wp\/v2\/media?parent=1537"}],"wp:term":[{"taxonomy":"category","embeddable":true,"href":"https:\/\/archivioturi.lavocedelpaese.info\/index.php\/wp-json\/wp\/v2\/categories?post=1537"},{"taxonomy":"post_tag","embeddable":true,"href":"https:\/\/archivioturi.lavocedelpaese.info\/index.php\/wp-json\/wp\/v2\/tags?post=1537"}],"curies":[{"name":"wp","href":"https:\/\/api.w.org\/{rel}","templated":true}]}}