{"id":15354,"date":"2018-03-22T07:25:04","date_gmt":"2018-03-22T07:25:04","guid":{"rendered":"https:\/\/archivioturi.lavocedelpaese.info\/index.php\/2018\/03\/22\/gravinese-scarica-tardi\/"},"modified":"2018-03-22T07:25:04","modified_gmt":"2018-03-22T07:25:04","slug":"gravinese-scarica-tardi","status":"publish","type":"post","link":"https:\/\/archivioturi.lavocedelpaese.info\/index.php\/2018\/03\/22\/gravinese-scarica-tardi\/","title":{"rendered":"Gravinese \u2018scarica\u2019 Tardi"},"content":{"rendered":"<p><img loading=\"lazy\" decoding=\"async\" src=\"https:\/\/farm1.staticflickr.com\/790\/40141726804_07392f6024_n.jpg\" alt=\"Gravinese e Tardi\" width=\"320\" height=\"240\" \/><\/p>\n<p style=\"text-align: center;\"><strong>\u201cHo subito l\u2019allontanamento del consigliere Tardi con enorme sofferenza\u201d<\/strong><\/p>\n<p style=\"text-align: justify;\">Gravinese dice di averlo sub\u00ecto questo allontanamento di Tardi. Delle due l\u2019una: o ha ragione Sandro Laera (vedi intervista), oppure Gravinese non \u00e8 l\u2019artefice di questa \u2018strategia\u2019. Che molto probabilmente porter\u00e0 il sindaco a incassare astensioni anche da parte di altri esponenti dell\u2019opposizione e riuscir\u00e0 a salvarsi. Perch\u00e9 nessuno vuole andarsene.<\/p>\n<p style=\"text-align: justify;\">&nbsp;<\/p>\n<p style=\"text-align: justify;\"><strong>In conferenza stampa il sindaco ha dichiarato di non condividere le sue esternazioni critiche. Quindi va tutto bene?<\/strong><\/p>\n<p style=\"text-align: justify;\">\u201cIl partito democratico esterna sempre la sintesi e le idee che ritiene migliori per la propria comunit\u00e0, se qualcuno non le condivide non posso che insistere nel ribadirle fino a convincere tutti\u201d.<\/p>\n<p style=\"text-align: justify;\">&nbsp;<\/p>\n<p style=\"text-align: justify;\"><strong>Il sindaco ha richiamato tutti alla responsabilit\u00e0 e a evitare proprio ora un commissariamento. Voi che farete? Il Pd accoglier\u00e0 le dimissioni di Coppi o si pu\u00f2 tornare in maggioranza?<\/strong><\/p>\n<p style=\"text-align: justify;\">\u201cIl partito democratico ha i propri esponenti in giunta, non comprendo cosa possiamo fare di pi\u00f9. Ho subito l&#8217;allontanamento del consigliere Tardi con enorme sofferenza e rammarico. Sulla base del rapporto personale che ho con lui prover\u00f2 a trovare fra lui, il partito e la maggioranza una possibile soluzione basata certamente su impegni reciproci e non solo su ragionamenti astratti\u201d.<\/p>\n<p style=\"text-align: justify;\">&nbsp;<\/p>\n<p style=\"text-align: justify;\"><strong>Quali sono le condizioni che ponete?<\/strong><\/p>\n<p style=\"text-align: justify;\">\u201cIl partito democratico, mi pare che lei lo abbia sottolineato prima, ha espressamente indicato alcune cose da fare, continuer\u00e0 a richiederle anche se a qualcuno non piacciono\u201d.<\/p>\n<p style=\"text-align: justify;\">&nbsp;<\/p>\n<p style=\"text-align: justify;\"><strong>Sul ponte di via Conversano il sindaco ha parlato di una consulenza. Quindi il vostro progetto non va bene?<\/strong><\/p>\n<p style=\"text-align: justify;\">\u201cSul ponte abbiamo ampiamente detto, il PD ha fatto uno studio preciso e approfondito, se anche questo studio non piace mi ritrover\u00f2 costretto ad insistere su questo tema in virt\u00f9 degli impegni presi con la cittadinanza\u201d.<\/p>\n<p style=\"text-align: justify;\">&nbsp;<\/p>\n<p style=\"text-align: justify;\"><strong>Si sente responsabile anche lei di questa situazione?<\/strong><\/p>\n<p style=\"text-align: justify;\">\u201cIo sono il segretario del PD, il partito che al momento esprime un sindaco e un assessore. Siamo tutti certamente responsabili sia per quello che non siamo riusciti a fare o a comunicare, come ha giustamente detto il sindaco, sia per aver perso strada facendo importanti pezzi di questa maggioranza e, soprattutto, due consiglieri con la nostra tessera\u201d.<\/p>\n<p style=\"text-align: justify;\">&nbsp;<\/p>\n<p style=\"text-align: justify;\"><strong>La lettera di Tardi sembra un copione gi\u00e0 visto&#8230; per esempio quella di Arianna Gasparro. Aveva ragione la consigliera?<\/strong><\/p>\n<p style=\"text-align: justify;\">\u201cAppunto, il partito democratico di senso di responsabilit\u00e0 ne ha dimostrato tantissimo anche in quella triste separazione di parecchio tempo fa\u201d.<\/p>\n","protected":false},"excerpt":{"rendered":"<p><img loading=\"lazy\" decoding=\"async\" src=\"https:\/\/farm1.staticflickr.com\/790\/40141726804_07392f6024_n.jpg\" alt=\"Gravinese e Tardi\" width=\"320\" height=\"240\" \/><\/p>\n","protected":false},"author":1,"featured_media":0,"comment_status":"open","ping_status":"closed","sticky":false,"template":"","format":"standard","meta":{"colormag_page_container_layout":"default_layout","colormag_page_sidebar_layout":"default_layout","footnotes":""},"categories":[4],"tags":[],"class_list":["post-15354","post","type-post","status-publish","format-standard","hentry","category-politica"],"_links":{"self":[{"href":"https:\/\/archivioturi.lavocedelpaese.info\/index.php\/wp-json\/wp\/v2\/posts\/15354","targetHints":{"allow":["GET"]}}],"collection":[{"href":"https:\/\/archivioturi.lavocedelpaese.info\/index.php\/wp-json\/wp\/v2\/posts"}],"about":[{"href":"https:\/\/archivioturi.lavocedelpaese.info\/index.php\/wp-json\/wp\/v2\/types\/post"}],"author":[{"embeddable":true,"href":"https:\/\/archivioturi.lavocedelpaese.info\/index.php\/wp-json\/wp\/v2\/users\/1"}],"replies":[{"embeddable":true,"href":"https:\/\/archivioturi.lavocedelpaese.info\/index.php\/wp-json\/wp\/v2\/comments?post=15354"}],"version-history":[{"count":0,"href":"https:\/\/archivioturi.lavocedelpaese.info\/index.php\/wp-json\/wp\/v2\/posts\/15354\/revisions"}],"wp:attachment":[{"href":"https:\/\/archivioturi.lavocedelpaese.info\/index.php\/wp-json\/wp\/v2\/media?parent=15354"}],"wp:term":[{"taxonomy":"category","embeddable":true,"href":"https:\/\/archivioturi.lavocedelpaese.info\/index.php\/wp-json\/wp\/v2\/categories?post=15354"},{"taxonomy":"post_tag","embeddable":true,"href":"https:\/\/archivioturi.lavocedelpaese.info\/index.php\/wp-json\/wp\/v2\/tags?post=15354"}],"curies":[{"name":"wp","href":"https:\/\/api.w.org\/{rel}","templated":true}]}}