{"id":15349,"date":"2018-03-21T06:09:12","date_gmt":"2018-03-21T06:09:12","guid":{"rendered":"https:\/\/archivioturi.lavocedelpaese.info\/index.php\/2018\/03\/21\/tutta-colpa-di-gravinese\/"},"modified":"2018-03-21T06:09:12","modified_gmt":"2018-03-21T06:09:12","slug":"tutta-colpa-di-gravinese","status":"publish","type":"post","link":"https:\/\/archivioturi.lavocedelpaese.info\/index.php\/2018\/03\/21\/tutta-colpa-di-gravinese\/","title":{"rendered":"\u201cTutta colpa di Gravinese\u201d"},"content":{"rendered":"<p><img loading=\"lazy\" decoding=\"async\" src=\"https:\/\/farm5.staticflickr.com\/4776\/25978551757_b879dc3c16_n.jpg\" alt=\"Il consigliere Sandro Laera\" width=\"320\" height=\"208\" \/><\/p>\n<p style=\"text-align: justify;\">Per Sandro Laera le colpe sono di Gravinese, segretario del Pd:\u201cUna manovra politici a discapito di tutti i turesi per rifarsi una verginit\u00e0\u201d.<\/p>\n<p style=\"text-align: justify;\"><strong>Consigliere Laera, di chi sono le maggiori responsabilit\u00e0 di questa crisi? Del Pd?<\/strong><\/p>\n<p style=\"text-align: justify;\">\u201cSenza alcun dubbio le responsabilit\u00e0 sono esclusivamente da attribuire al Partito Democratico nella persona del segretario Giuseppe Gravinese che ha dimostrato di non avere il controllo dei suoi eletti. Un Consigliere Comunale (Giuseppe Tardi) tesserato PD non pu\u00f2 dichiarare autonomamente di sospendersi dal partito e decidere di lasciare la maggioranza, perch\u00e9 in questo caso un segretario di partito serio che non condivide la singolare azione di un suo eletto, avrebbe dovuto immediatamente espellerlo dal partito, anche per rispetto di tutti gli iscritti. Non averlo fatto pu\u00f2 significare due cose: 1) E\u2019 una manovra politica a discapito di tutti i Turesi che vorrebbe rigenerare la verginit\u00e0 politica dello stesso Consigliere Comunale e del suo Segretario; 2) Il Segretario di partito Giuseppe Gravinese non \u00e8 pi\u00f9 in grado di gestire i suoi eletti o probabilmente non lo \u00e8 mai stato\u201d.<\/p>\n<p style=\"text-align: justify;\">&nbsp;<\/p>\n<p style=\"text-align: justify;\"><strong>Il sindaco, in conferenza, ha invitato tutti quanti alle responsabilit\u00e0, evitando un commissariamento che andrebbe a bloccare il lavoro, i finanziamenti e le opere che presto vedranno la luce. Non si danneggerebbe Turi con un Commissario?<\/strong><\/p>\n<p style=\"text-align: justify;\">\u201cIn queste ore Fratelli d\u2019Italia sta pensando con forte senso di responsabilit\u00e0 di formalizzare una richiesta al Partito Democratico ed al Consigliere Comunale Giuseppe Tardi di rientrare in maggioranza e votare il bilancio che permetterebbe ad un eventuale Commissario Prefettizio oppure alla stessa amministrazione di onorare Turi sia degli eventi che la attendono nei prossimi mesi come l\u2019anno Giubilare Oronziano, la sagra della ciliegia, la festa di Sant\u2019Oronzo che di tutte quelle opere che necessitano di un bilancio per essere cantierizzate. Detto questo&#8230;ognuno si prenda le proprie responsabilit\u00e0\u201d.<\/p>\n<p style=\"text-align: justify;\">&nbsp;<\/p>\n<p style=\"text-align: justify;\"><strong>Fabio Topputi \u00e8 l&#8217;uomo chiave di questa vicenda. Che vuole dirgli?<\/strong><\/p>\n<p style=\"text-align: justify;\">\u201cIo non credo che Topputi sia l\u2019uomo chiave di questa vicenda, ribadisco ancora una volta che l\u2019uomo chiave di questa vicenda ha un nome ed \u00e8 Giuseppe Gravinese. A Topputi vorrei solo dire che se oggi Turi si trova difronte a questa grossa problematica, probabilmente \u00e8 anche colpa sua\u2026mi riferisco ovviamente alla sua assenza alla mozione di sfiducia di qualche mese fa\u201d.<\/p>\n<p style=\"text-align: justify;\">&nbsp;<\/p>\n<p style=\"text-align: justify;\"><strong>Il centrodestra \u00e8 pronto per andare al governo?<\/strong><\/p>\n<p style=\"text-align: justify;\">\u201cIo credo che il centrodestra non sia mai stato cos\u00ec pronto come lo possa essere oggi\u201d.<\/p>\n<p style=\"text-align: justify;\">&nbsp;<\/p>\n<p style=\"text-align: justify;\"><strong>Se dovesse rientrare la crisi, che farete?<\/strong><\/p>\n<p style=\"text-align: justify;\">\u201cParadossalmente noi di Fratelli d\u2019Italia siamo favorevoli al rientro della crisi di maggioranza e se ci\u00f2 dovesse accadere, saremo felici per il nostro paese e faremo quello che abbiamo sempre fatto, opposizione\u2026\u201d.<\/p>\n","protected":false},"excerpt":{"rendered":"<p><img loading=\"lazy\" decoding=\"async\" src=\"https:\/\/farm5.staticflickr.com\/4776\/25978551757_b879dc3c16_n.jpg\" alt=\"Il consigliere Sandro Laera\" width=\"320\" height=\"208\" \/><\/p>\n","protected":false},"author":1,"featured_media":0,"comment_status":"open","ping_status":"closed","sticky":false,"template":"","format":"standard","meta":{"colormag_page_container_layout":"default_layout","colormag_page_sidebar_layout":"default_layout","footnotes":""},"categories":[4],"tags":[],"class_list":["post-15349","post","type-post","status-publish","format-standard","hentry","category-politica"],"_links":{"self":[{"href":"https:\/\/archivioturi.lavocedelpaese.info\/index.php\/wp-json\/wp\/v2\/posts\/15349","targetHints":{"allow":["GET"]}}],"collection":[{"href":"https:\/\/archivioturi.lavocedelpaese.info\/index.php\/wp-json\/wp\/v2\/posts"}],"about":[{"href":"https:\/\/archivioturi.lavocedelpaese.info\/index.php\/wp-json\/wp\/v2\/types\/post"}],"author":[{"embeddable":true,"href":"https:\/\/archivioturi.lavocedelpaese.info\/index.php\/wp-json\/wp\/v2\/users\/1"}],"replies":[{"embeddable":true,"href":"https:\/\/archivioturi.lavocedelpaese.info\/index.php\/wp-json\/wp\/v2\/comments?post=15349"}],"version-history":[{"count":0,"href":"https:\/\/archivioturi.lavocedelpaese.info\/index.php\/wp-json\/wp\/v2\/posts\/15349\/revisions"}],"wp:attachment":[{"href":"https:\/\/archivioturi.lavocedelpaese.info\/index.php\/wp-json\/wp\/v2\/media?parent=15349"}],"wp:term":[{"taxonomy":"category","embeddable":true,"href":"https:\/\/archivioturi.lavocedelpaese.info\/index.php\/wp-json\/wp\/v2\/categories?post=15349"},{"taxonomy":"post_tag","embeddable":true,"href":"https:\/\/archivioturi.lavocedelpaese.info\/index.php\/wp-json\/wp\/v2\/tags?post=15349"}],"curies":[{"name":"wp","href":"https:\/\/api.w.org\/{rel}","templated":true}]}}