{"id":15343,"date":"2018-03-19T10:30:33","date_gmt":"2018-03-19T10:30:33","guid":{"rendered":"https:\/\/archivioturi.lavocedelpaese.info\/index.php\/2018\/03\/19\/qnon-ci-siamo-ancora-capitiq\/"},"modified":"2018-03-19T10:30:33","modified_gmt":"2018-03-19T10:30:33","slug":"qnon-ci-siamo-ancora-capitiq","status":"publish","type":"post","link":"https:\/\/archivioturi.lavocedelpaese.info\/index.php\/2018\/03\/19\/qnon-ci-siamo-ancora-capitiq\/","title":{"rendered":"&#8220;Non ci siamo ancora capiti&#8221;"},"content":{"rendered":"<p><img loading=\"lazy\" decoding=\"async\" src=\"https:\/\/farm1.staticflickr.com\/822\/40849357601_ce3ca842e4_n.jpg\" alt=\"Imu_TpOggi\" width=\"320\" height=\"213\" \/><\/p>\n<p style=\"text-align: justify;\">Fa rabbia leggere nella delibera di Giunta Comunale, relativa alla individuazione dei valori venali delle aree edificabili per gli anni 2012 \u2013 2013, ancora una volta, la pappardella gi\u00e0 sentita per gli altri anni, e cio\u00e8 che detti valori devono considerarsi solo indicativi, dando pertanto al contribuente, nella ratio della legge vigente, la possibilit\u00e0 di accedere a un confronto, a una interlocuzione, a una mediazione possibilmente su un piano di parit\u00e0, tra ci\u00f2 che stabilisce la parte pubblica e ci\u00f2 che lui ritiene congruo sulla base di una perizia tecnica giurata di parte.<\/p>\n<p style=\"text-align: justify;\">A questo punto, diciamolo senza mezzi termini, ci sembra che si voglia prendere per i fondelli il contribuente e spieghiamo perch\u00e9.<\/p>\n<p style=\"text-align: justify;\">Se l\u2019Amministrazione dice che i valori sono puramente indicativi e che il contribuente, il quale non li ritenga congrui, pu\u00f2 controdedurre con perizia di parte, perch\u00e9 poi si sottrae al confronto, scaricando questo compito sul giudice della Commissione Tributaria e rinunciando al ruolo di filtro e di agente deflattivo del contenzioso che il legislatore ha voluto attribuirle?<\/p>\n<p style=\"text-align: justify;\">Infatti, lo snodo del problema \u00e8 proprio questo.<\/p>\n<p style=\"text-align: justify;\">Il Comune ha costretto i contribuenti per l\u2019anno 2011 ad intraprendere la strada del contenzioso tributario, sottraendosi cos\u00ec, lo ripetiamo, al dovere e alla responsabilit\u00e0 di tentare una ragionevole e praticabile conciliazione o mediazione che dir si voglia, o anche, perch\u00e9 no, di rifiutarla adducendo le argomentate motivazioni del caso.<\/p>\n<p style=\"text-align: justify;\">\u00c8 certamente umiliante per i cittadini chiedere all\u2019Amministrazione Comunale di rispettare un diritto previsto dalle norme in vigore e che la stessa Amministrazione ben conosce, per averlo menzionato negli avvisi di accertamento inviati ai contribuenti per le aree edificabili.<\/p>\n<p style=\"text-align: justify;\">Per questo parliamo di presa per i fondelli. Anche perch\u00e9 l\u2019atteggiamento lassista e, al contempo vessatorio, dei nostri Amministratori ha pesanti ricadute in termini burocratici ed economici, che i cittadini stanno sopportando impegnandosi in un iter giudiziario davanti alla Commissione Tributaria che costa soldi e ansie, anche per i tempi biblici della Giustizia Italiana.<\/p>\n<p style=\"text-align: justify;\">Si calcola infatti che in Puglia i tempi di un processo tributario superano, mediamente, i 18 mesi.<\/p>\n<p style=\"text-align: justify;\">Pensate un po\u2019 Voi cosa succeder\u00e0 quando i vari contenziosi dal 2011 al 2018 si accavalleranno, moltiplicando il disagio dei contribuenti tra avvocati, periti e aule di Tribunale. E tutto questo perch\u00e9 Amministratori e Funzionari Comunali, tra l\u2019altro ambedue ben retribuiti con i nostri soldi, si spaventano del carico di lavoro che una procedura di conciliazione di 70 ricorsi porta con s\u00e9.<\/p>\n<p style=\"text-align: justify;\">Il fatto \u00e8 che i nostri beneamati Amministratori e Funzionari, contando sul fatto che in Italia far rispettare un proprio diritto ha un costo economico, per cui molto spesso ci si rinuncia, hanno confidato sul fatto che molti avrebbero rinunciato al contenzioso legale.<\/p>\n<p style=\"text-align: justify;\">In realt\u00e0 per il 2011 il numero dei ricorrenti \u00e8 elevato non solo perch\u00e9, pur in presenza molte volte di somme esigue da pagare, alcuni ne fanno una questione di principio, ma anche perch\u00e9 le somme, pur esigue, verranno pagate ad libitum, all\u2019infinito, per sempre, da noi, dai nostri figli e dai nostri nipoti, riconsegnando alle casse del Comune l\u2019intero valore economico di quei terreni ogni dieci anni, per poi ricominciare nuovamente, secula seculorum.<\/p>\n<p style=\"text-align: justify;\">In un prossimo articolo approfondiremo il riflesso negativo che tutta la questione avr\u00e0 anche sulle vendite e successioni, con l\u2019aumento del valore aggiunto (aumento di valore) da pagare all\u2019Agenzia delle Entrate al quale non sfuggiranno neanche i coltivatori diretti ed i coltivatori agricoli, che farebbero bene ad appoggiare e sostenere il nostro Comitato.<\/p>\n<p style=\"text-align: justify;\">Pensate poi per un momento cosa succeder\u00e0 quando la tassazione si riferir\u00e0 all\u2019intero anno a partire dal 2012 e, non a soli 5 mesi come nel 2011, e specialmente per gli anni 2014 e 2015, quando la misura della tassazione del valore venale sar\u00e0 pi\u00f9 consistente degli altri anni. Ci sar\u00e0 un ulteriore aumento del contenzioso tributario se, nel frattempo, l\u2019Amministrazione Comunale non avr\u00e0 cambiato il suo atteggiamento di chiusura al dialogo con i contribuenti.<\/p>\n<p style=\"text-align: justify;\">Ha un senso tutto ci\u00f2?<\/p>\n<p style=\"text-align: right;\"><strong>COMITATO AREE EDIFICABILI<\/strong><\/p>\n","protected":false},"excerpt":{"rendered":"<p><img loading=\"lazy\" decoding=\"async\" src=\"https:\/\/farm1.staticflickr.com\/822\/40849357601_ce3ca842e4_n.jpg\" alt=\"Imu_TpOggi\" width=\"320\" height=\"213\" \/><\/p>\n","protected":false},"author":1,"featured_media":0,"comment_status":"open","ping_status":"closed","sticky":false,"template":"","format":"standard","meta":{"colormag_page_container_layout":"default_layout","colormag_page_sidebar_layout":"default_layout","footnotes":""},"categories":[7],"tags":[],"class_list":["post-15343","post","type-post","status-publish","format-standard","hentry","category-attualita"],"_links":{"self":[{"href":"https:\/\/archivioturi.lavocedelpaese.info\/index.php\/wp-json\/wp\/v2\/posts\/15343","targetHints":{"allow":["GET"]}}],"collection":[{"href":"https:\/\/archivioturi.lavocedelpaese.info\/index.php\/wp-json\/wp\/v2\/posts"}],"about":[{"href":"https:\/\/archivioturi.lavocedelpaese.info\/index.php\/wp-json\/wp\/v2\/types\/post"}],"author":[{"embeddable":true,"href":"https:\/\/archivioturi.lavocedelpaese.info\/index.php\/wp-json\/wp\/v2\/users\/1"}],"replies":[{"embeddable":true,"href":"https:\/\/archivioturi.lavocedelpaese.info\/index.php\/wp-json\/wp\/v2\/comments?post=15343"}],"version-history":[{"count":0,"href":"https:\/\/archivioturi.lavocedelpaese.info\/index.php\/wp-json\/wp\/v2\/posts\/15343\/revisions"}],"wp:attachment":[{"href":"https:\/\/archivioturi.lavocedelpaese.info\/index.php\/wp-json\/wp\/v2\/media?parent=15343"}],"wp:term":[{"taxonomy":"category","embeddable":true,"href":"https:\/\/archivioturi.lavocedelpaese.info\/index.php\/wp-json\/wp\/v2\/categories?post=15343"},{"taxonomy":"post_tag","embeddable":true,"href":"https:\/\/archivioturi.lavocedelpaese.info\/index.php\/wp-json\/wp\/v2\/tags?post=15343"}],"curies":[{"name":"wp","href":"https:\/\/api.w.org\/{rel}","templated":true}]}}