{"id":15341,"date":"2018-03-19T05:10:32","date_gmt":"2018-03-19T05:10:32","guid":{"rendered":"https:\/\/archivioturi.lavocedelpaese.info\/index.php\/2018\/03\/19\/lo-spettro-del-commissario-aleggia-a-palazzo-di-citta\/"},"modified":"2018-03-19T05:10:32","modified_gmt":"2018-03-19T05:10:32","slug":"lo-spettro-del-commissario-aleggia-a-palazzo-di-citta","status":"publish","type":"post","link":"https:\/\/archivioturi.lavocedelpaese.info\/index.php\/2018\/03\/19\/lo-spettro-del-commissario-aleggia-a-palazzo-di-citta\/","title":{"rendered":"Lo spettro del Commissario aleggia a Palazzo di Citt\u00e0"},"content":{"rendered":"<p><img loading=\"lazy\" decoding=\"async\" src=\"https:\/\/farm5.staticflickr.com\/4782\/40849356921_5af8a258b2_n.jpg\" alt=\"Menino andr\u00e0 a sciare e rester\u00e0 in carica\" width=\"320\" height=\"213\" \/><\/p>\n<p style=\"text-align: center;\"><strong>Coppi rivendica il buon lavoro svolto finora, gioca la carta della &#8220;responsabilit\u00e0&#8221; e richiama all&#8217;ordine il Partito Democratico<\/strong><\/p>\n<p style=\"text-align: justify;\">Dopo la lettura della lettera di dimissioni, il primo cittadino ha commentato le motivazioni che lo hanno spinto a quella che pi\u00f9 volte, nella conferenza stampa appositamente convocata, ha definito senza mezzi termini una &#8220;decisione gravissima&#8221;; una scelta obbligata che porterebbe Turi a subire 15 mesi di commissariamento.<\/p>\n<p style=\"text-align: justify;\">&#8220;Da diversi mesi &#8211; esordisce Coppi &#8211; ci sono delle fibrillazioni e delle difficolt\u00e0 all&#8217;interno della maggioranza che ora hanno avuto il loro culmine con quest&#8217;ultima dichiarazione del consigliere Tardi. Questo mi porta inevitabilmente alle dimissioni, perch\u00e9 credo che, soprattutto in prossimit\u00e0 dell&#8217;approvazione del Bilancio di previsione 2018, sia assolutamente necessario avere una maggioranza ben definita e stabile&#8221;.<\/p>\n<p style=\"text-align: justify;\">&#8220;Naturalmente &#8211; aggiunge il primo cittadino &#8211; siamo consapevoli del fatto che questa \u00e8 una decisione gravissima, che incider\u00e0 in modo negativo sulle sorti del nostro Comune perch\u00e9 si prospettano ben 15 mesi di commissariamento. <br \/>I Commissari fanno l&#8217;ordinaria amministrazione e non possono portare avanti iniziative che abbraccino finanziamenti, ed in questo periodo la Regione Puglia sta emanando molti bandi che sono grandi opportunit\u00e0. <br \/>Noi questi mesi abbiamo continuato a lavorare con risultati che si vedranno a breve, probabilmente succeder\u00e0 il fatto paradossale che le opere arriveranno a conclusione proprio nel momento di questo eventuale commissariamento, e quindi il messaggio che daremo ai cittadini \u00e8 che sono molto pi\u00f9 bravi i commissari dei politici&#8221;.<\/p>\n<p style=\"text-align: justify;\">&#8220;In questi 20 giorni &#8211; chiosa il sindaco &#8211; continueremo come giunta a lavorare indefessamente: cercheremo di portare a termine alcune procedure in corso, ma anche di mettere in campo quanto pi\u00f9 possibile per partecipare a bandi ed assicurare a Turi i finanziamenti che servono. Noi abbiamo pensato sempre il nostro impegno con spirito di servizio e il nostro interlocutore sono i cittadini&#8221;.<\/p>\n<p style=\"text-align: justify;\">&nbsp;<\/p>\n<p style=\"text-align: justify;\"><strong>L&#8217;invito alla responsabilit\u00e0<\/strong><\/p>\n<p style=\"text-align: justify;\">Oltre a &#8220;dimissioni&#8221;, la parola pi\u00f9 ripetuta in tutta la conferenza stampa \u00e8 stata &#8220;responsabilit\u00e0&#8221;, strizzando l&#8217;occhio al Partito Democratico, cui si ricorda che sia il sindaco che l&#8217;assessore Caldararo sono iscritti.<\/p>\n<p style=\"text-align: justify;\">&#8220;Faccio un invito al senso di responsabilit\u00e0 di tutti, consiglieri e partiti, e mi riferisco in principal modo ai partiti della maggioranza, perch\u00e9 credo che abbiamo avuto un onere che \u00e8 quello di amministrare Turi e dovremmo portarlo a termine&#8221;.<\/p>\n<p style=\"text-align: justify;\">&nbsp;<\/p>\n<p style=\"text-align: justify;\"><strong>Richiamo all&#8217;ordine per il PD<\/strong><\/p>\n<p style=\"text-align: justify;\">&#8220;Il consigliere Tardi si \u00e8 autosospeso dal PD&#8221; ma anche &#8220;io e l&#8217;assessore Giusy Caldararo siamo iscritti al Partito Democratico e questa \u00e8 una situazione che il PD deve esplicitare: se \u00e8 favorevole a tenere in piedi questa amministrazione, ci dovranno essere degli atti consequenziali&#8221;.<\/p>\n<p style=\"text-align: justify;\">Cos\u00ec Coppi, da esperto politico, sposta l&#8217;asse della crisi, trasformandola in una questione tutta interna al Partito Democratico ed affrettandosi a precisare che, nella riunione di maggioranza precedente la conferenza, &#8220;il segretario Gravinese ha espresso la volont\u00e0 di fare tutti gli sforzi possibili per evitare la caduta dell&#8217;amministrazione&#8221;<\/p>\n<p style=\"text-align: justify;\">Pur essendo sempre stato critico? &#8220;S\u00ec &#8211; replica secco &#8211; anche nella lettera di Tardi si evidenziano delle cose che non sono andate, io con quel giudizio non sono d&#8217;accordo perch\u00e9 abbiamo da sempre lavorato. Certo, ci sono delle difficolt\u00e0 ma sono sistemiche, non esistono solo a Turi&#8221;.<\/p>\n<p style=\"text-align: justify;\">&nbsp;<\/p>\n<p style=\"text-align: justify;\"><strong>La listarella delle opere che verranno<\/strong><\/p>\n<p style=\"text-align: justify;\">&#8220;Non ho rilasciato interviste o repliche perch\u00e9 credo che il compito principale del sindaco deve essere quello di comporre e non di distruggere; per\u00f2, se devo dare un giudizio rispetto al lavoro svolto, \u00e8 assolutamente positivo.<\/p>\n<p style=\"text-align: justify;\">Ho una listarella di opere pubbliche che partiranno nei prossimi mesi, mi sono fatto qualche conticino ed arrivano a 2milioni e mezzo di euro. Per Turi questa \u00e8 una cosa molto importante che concretizza il nostro buon lavoro&#8221;.<\/p>\n<p style=\"text-align: justify;\">&nbsp;<\/p>\n<p style=\"text-align: justify;\"><strong>La telefonata di Emiliano<\/strong><\/p>\n<p style=\"text-align: justify;\">Prima delle votazioni politiche, i ben informati sapevano gi\u00e0 che la segreteria regionale del PD, avrebbe dato il via libera a sacrificare l&#8217;amministrazione Coppi.<\/p>\n<p style=\"text-align: justify;\">Uno scenario che si \u00e8 puntualmente verificato e risulta difficile pensare ad una fatale casualit\u00e0. Tuttavia il primo cittadino nega categoricamente: &#8220;Emiliano \u00e8 a conoscenza della situazione di Turi. Mi ha chiesto personalmente e ho dato la mia versione dei fatti; dopo di che non so se abbia fatto un intervento, ma posso smentire chi ha scritto che Emiliano ha fatto un intervento per far cadere me&#8221;.<\/p>\n<p style=\"text-align: justify;\">&nbsp;<\/p>\n<p style=\"text-align: justify;\"><strong>Allenatori nel pallone&#8230;<\/strong><\/p>\n<p style=\"text-align: justify;\">In ogni conferenza che si rispetti, oltre alle battute di spirito, non possono mancare le metafore. A chi chiede se il lento sfilacciarsi della maggioranza sia dovuto ad un errore di partenza, presentandosi con una lista di forze eterogenee, Coppi risponde ricorrendo all&#8217;immagine dello sport pi\u00f9 amato dagli italiani&#8230;<\/p>\n<p style=\"text-align: justify;\">&#8220;La lista &#8211; argomenta &#8211; era piuttosto composita: aveva dei rappresentati di partito, degli indipendenti e un gruppo civico che conteneva vari orientamenti politici. Non so se era sbagliato all&#8217;inizio, ma credo che con il sistema elettorale che abbiamo \u00e8 inevitabile mettere insieme persone ed orientamenti anche compositi. Tutto sta nel trovare la capacit\u00e0 di stare insieme per l&#8217;attuazione del programma su cui si era d&#8217;accordo; se non si riesce a stare insieme, c&#8217;\u00e8 sicuramente una responsabilit\u00e0 dell&#8217;allenatore, ma c&#8217;\u00e8 anche una responsabilit\u00e0 dei calciatori&#8221;.<\/p>\n<p style=\"text-align: justify;\">&nbsp;<\/p>\n<p style=\"text-align: justify;\"><strong>Non mi piacciono i trasformismi<\/strong><\/p>\n<p style=\"text-align: justify;\">Metafore a parte, come fare a ritrovare la maggioranza? Pescare dall&#8217;opposizione \u00e8 l&#8217;unica risorsa, dando per scontato che, anche solo per dignit\u00e0 e coerenza, il partito di Gravinese difficilmente ritorner\u00e0 sui suoi passi.<\/p>\n<p style=\"text-align: justify;\">&#8220;Non ho intenzione di andare a pescare proprio niente &#8211; replica quasi stizzito Coppi &#8211; \u00e8 uno sport che non ho mai esercitato. Io chiedo chiarezza e responsabilit\u00e0, non i numeri. I trasformismi non mi piacciono molto. Mi rendo conto che per senso di responsabilit\u00e0 dobbiamo cercare di ritrovare unit\u00e0, ma ci sono anche dei limiti: non possiamo arrivare a negarci&#8221;.<\/p>\n<p style=\"text-align: justify;\">&nbsp;<\/p>\n<p style=\"text-align: justify;\"><strong>Il 3 aprile vado a sciare&#8230;<\/strong><\/p>\n<p style=\"text-align: justify;\">Perch\u00e9 non tentare la strada della verifica politica dopo la dimissione di ben tre consiglieri di maggioranza? Un&#8217;osservazione pi\u00f9 che lecita che, per\u00f2, indispone Menino. Ed allora \u00e8 pronto alla virata verso un&#8217;improbabile repertorio di &#8216;fiducia istituzionale&#8217; e, seppur nessuno glielo abbia chiesto, a vele ormai spiegate coglie l&#8217;occasione per rimarcare che non \u00e8 &#8220;affezionato alla poltrona&#8221;.<\/p>\n<p style=\"text-align: justify;\">&#8220;Io credo che l&#8217;atto di dimettersi non \u00e8 un atto su cui giocare. Voglio sottolineare la gravit\u00e0 della situazione. L&#8217;ho fatto ora e non prima perch\u00e9 credo che questa non \u00e8 una mossa usuale per vedere cosa succede. Qui c&#8217;\u00e8 una situazione di grave crisi della maggioranza e, a fronte di questo, come ultima spiaggia mi dimetto&#8221;.<\/p>\n<p style=\"text-align: justify;\">&#8220;Ho grandissimo rispetto del ruolo istituzionale, mi dimetto perch\u00e9 oggi non ho i numeri e questo credo che debba creare un senso di responsabilit\u00e0 per tutti, se non lo crea il 3 aprile vado a sciare. Sento tutto il carico di responsabilit\u00e0 di fronte al paese, perch\u00e9 si determineranno delle cose non buone per Turi, ma prendo atto di una situazione e nessuno pu\u00f2 dire a Menino Coppi che \u00e8 affezionato alle poltrone, io lascio tranquillamente libera la poltrona&#8221;.<\/p>\n<p style=\"text-align: justify;\">&nbsp;<\/p>\n<p style=\"text-align: justify;\"><strong>Il ponte della discordia<\/strong><\/p>\n<p style=\"text-align: justify;\">Tra un&#8217;opera pubblica da farsi e un bando a cui partecipare, rispunta anche la vicenda del ponte di via Conversano.<\/p>\n<p style=\"text-align: justify;\">&#8220;I 95mila euro stanziati per il ponte c&#8217;erano e ci sono. Davanti ad una diversit\u00e0 di vedute che esisteva ed esiste, ho preso un&#8217;iniziativa autonoma come sindaco ed ho chiesto un parere al prof. Vittorio Ranieri, ordinario del Politecnico di Bari,rispetto a cosa fare. Sulla base di questo parere, che arriver\u00e0 a giorni noi agiremo&#8221;.<\/p>\n<p style=\"text-align: justify;\">Il sottotesto \u00e8 che, se l&#8217;ennesima &#8220;fortunata&#8221;consulenza dovesse proporre soluzioni alternative, il progetto presentato mesi or sono dal Partito Democratico potrebbe tranquillamente diventare carta straccia.<\/p>\n<p style=\"text-align: justify;\">&nbsp;<\/p>\n<p style=\"text-align: justify;\"><strong>L&#8217;avanzo di amministrazione<\/strong><\/p>\n<p style=\"text-align: justify;\">&#8220;Con il nuovo sistema del bilancio, entrato in vigore due anni fa, in tutti i Comunisi \u00e8 verificato l&#8217;aumentato dell&#8217;avanzo di bilancio&#8221;. Per giunta, &#8220;per molti anni sono stati imposti vincoli alla spesa con il rispetto del Patto di Stabilit\u00e0. Patto allentato solo l&#8217;anno scorso, e noi siamo stati uno dei tre Comuni in tutta la Puglia che ha ottenuto la possibilit\u00e0 di utilizzare quell&#8217;avanzo in opere pubbliche&#8221;.<\/p>\n<p style=\"text-align: justify;\">&#8220;L&#8217;anno scorso &#8211; aggiunge Coppi &#8211; era utilizzabile circa un milione di euro, quest&#8217;anno sar\u00e0 molto meno l&#8217;avanzo di amministrazione perch\u00e9 entro lo scorso 31 dicembre abbiamo fatto un lavoraccio per impegnare tutto quello che era impegnabile&#8221;.<\/p>\n<p style=\"text-align: justify;\">&#8220;Abbiamo accumulato quelle risorse negli anni, destinandole ad opere pubbliche che ora realizzeremo&#8221;. Niente paura, dunque, le tasse dei contribuenti saranno presto capitalizzate e Turi &#8211; dopo soli 4 anni di attesa &#8211; si trasformer\u00e0 in un cantiere a cielo aperto.<\/p>\n<p style=\"text-align: justify;\">&nbsp;<\/p>\n<p style=\"text-align: justify;\"><strong>I dipendenti e il &#8220;giudizio universale&#8221;<\/strong><\/p>\n<p style=\"text-align: justify;\">Spazio anche per affrontare il tema degli Uffici comunali, il cui sottodimensionamento sarebbe addossabile alle precedenti amministrazioni che non avrebbero saputo sfruttare la risorsa del turn over.<\/p>\n<p style=\"text-align: justify;\">&#8220;Ci sono problemi degli Uffici che non sottovaluto. A Turi abbiamo 44 dipendenti, un numero limitatissimo. La media italiana \u00e8 di 6,2 dipendenti per ogni mille abitanti; quella pugliese, che \u00e8 la pi\u00f9 bassa d&#8217;Italia, \u00e8 invece di 4.2. Noi, invece, abbiamo 3,3 dipendenti ogni mille abitanti, questo dimostra una sofferenza dovuta al fatto che nel passato il turn over non si \u00e8 utilizzato, perch\u00e9 non si era mai fatto un calcolo sui costi del personale, cosa che invece noi abbiamo fatto e che ci ha permesso di assumere. Questo non \u00e8 l&#8217;unico elemento, ci sono dei problemi organizzativi e di qualit\u00e0, ma i dipendenti sono quelli e con quelli dobbiamo lavorare&#8221;.<\/p>\n<p style=\"text-align: justify;\">&#8220;Si dice &#8211; riprende fiato Coppi &#8211; che noi non saremmo intervenuti sul personale. Siamo stati la prima amministrazione che ha fatto un regolamento delle performance con cui vengono valutati i nostri dipendenti. Io non credo che le punizioni sortiscano dei risultati positivi, ma, contrariamente a questo mio dire, siamo stati gli unici che lo scorso anno hanno giudicato l&#8217;operato dei dipendenti e non hanno fatto prendere ad alcuni caposettore il premio di fine anno&#8221;.<\/p>\n<p style=\"text-align: justify;\">&nbsp;<\/p>\n<p style=\"text-align: justify;\"><strong>Nessun favoritismo<\/strong><\/p>\n<p style=\"text-align: justify;\">La conclusione, secondo il manuale della buona retorica epidittica, impone di tirare le somme con un&#8217;orgogliosa immagine di virtuosismo.<\/p>\n<p style=\"text-align: justify;\">Coppi non \u00e8 da meno: &#8220;A Turi abbiamo stilato una graduatoria di aventi diritto alla casa che l&#8217;hanno ottenuta e non abbiamo offerto il fianco a nessun favoritismo, n\u00e9 abbiamo dato incarichi agli amici degli amici. Questo \u00e8 il nostro modus vivendi&#8221;.<\/p>\n<p style=\"text-align: right;\"><strong>FD<\/strong><\/p>\n","protected":false},"excerpt":{"rendered":"<p><img loading=\"lazy\" decoding=\"async\" src=\"https:\/\/farm5.staticflickr.com\/4782\/40849356921_5af8a258b2_n.jpg\" alt=\"Menino andr\u00e0 a sciare e rester\u00e0 in carica\" width=\"320\" height=\"213\" \/><\/p>\n","protected":false},"author":1,"featured_media":0,"comment_status":"open","ping_status":"closed","sticky":false,"template":"","format":"standard","meta":{"colormag_page_container_layout":"default_layout","colormag_page_sidebar_layout":"default_layout","footnotes":""},"categories":[4],"tags":[],"class_list":["post-15341","post","type-post","status-publish","format-standard","hentry","category-politica"],"_links":{"self":[{"href":"https:\/\/archivioturi.lavocedelpaese.info\/index.php\/wp-json\/wp\/v2\/posts\/15341","targetHints":{"allow":["GET"]}}],"collection":[{"href":"https:\/\/archivioturi.lavocedelpaese.info\/index.php\/wp-json\/wp\/v2\/posts"}],"about":[{"href":"https:\/\/archivioturi.lavocedelpaese.info\/index.php\/wp-json\/wp\/v2\/types\/post"}],"author":[{"embeddable":true,"href":"https:\/\/archivioturi.lavocedelpaese.info\/index.php\/wp-json\/wp\/v2\/users\/1"}],"replies":[{"embeddable":true,"href":"https:\/\/archivioturi.lavocedelpaese.info\/index.php\/wp-json\/wp\/v2\/comments?post=15341"}],"version-history":[{"count":0,"href":"https:\/\/archivioturi.lavocedelpaese.info\/index.php\/wp-json\/wp\/v2\/posts\/15341\/revisions"}],"wp:attachment":[{"href":"https:\/\/archivioturi.lavocedelpaese.info\/index.php\/wp-json\/wp\/v2\/media?parent=15341"}],"wp:term":[{"taxonomy":"category","embeddable":true,"href":"https:\/\/archivioturi.lavocedelpaese.info\/index.php\/wp-json\/wp\/v2\/categories?post=15341"},{"taxonomy":"post_tag","embeddable":true,"href":"https:\/\/archivioturi.lavocedelpaese.info\/index.php\/wp-json\/wp\/v2\/tags?post=15341"}],"curies":[{"name":"wp","href":"https:\/\/api.w.org\/{rel}","templated":true}]}}