{"id":1534,"date":"2010-02-24T09:12:59","date_gmt":"2010-02-24T09:12:59","guid":{"rendered":"https:\/\/archivioturi.lavocedelpaese.info\/index.php\/2010\/02\/24\/dalla-revoca-alla-rinomina-leo-spada-fa-chiarezza\/"},"modified":"2010-02-24T09:12:59","modified_gmt":"2010-02-24T09:12:59","slug":"dalla-revoca-alla-rinomina-leo-spada-fa-chiarezza","status":"publish","type":"post","link":"https:\/\/archivioturi.lavocedelpaese.info\/index.php\/2010\/02\/24\/dalla-revoca-alla-rinomina-leo-spada-fa-chiarezza\/","title":{"rendered":"DALLA REVOCA ALLA RINOMINA: LEO SPADA FA CHIAREZZA"},"content":{"rendered":"<div><img loading=\"lazy\" decoding=\"async\" class=\" alignleft size-full wp-image-1228\" style=\"float: left;\" alt=\"puglia-prima-di-tutto\" src=\"https:\/\/archivioturi.lavocedelpaese.info\/wp-content\/uploads\/2010\/01\/puglia-prima-di-tutto.gif\" height=\"150\" width=\"320\" \/><\/div>\n<div style=\"text-align: justify;\"><span style=\"font-size: 10pt;\"><span style=\"font-family: verdana,geneva;\"><strong>Vogliamo chiarire ben bene la faccenda del suo allontanamento e della sua riammissione nel ruolo di coordinatore locale della Puglia prima di tutto?<\/strong><\/span><\/span><\/div>\n<p style=\"text-align: justify;\"><span style=\"font-size: 10pt;\"><span style=\"font-family: verdana,geneva;\">\u201cLa revoca del Segretario regionale, l\u2019onorevole Salvatore Greco, nei miei confronti, non ha nessun valore dato che non \u00e8 stato lui a darmi l\u2019incarico, anche perch\u00e9 io non rappresento lui ma ho sempre rappresentato il gruppo consigliare regionale e comunale. E infatti sono stato nominato coordinatore, nell\u2019ottobre del 2008, dal Presidente del gruppo consigliare della Ppdt presso la Regione Puglia, Francesco Damone.\u201d<\/span><\/span><\/p>\n<div style=\"text-align: justify;\"><\/div>\n<p style=\"text-align: justify;\"><span style=\"font-size: 10pt;\"><span style=\"font-family: verdana,geneva;\"><strong>Adesso ci dica per\u00f2 le motivazioni che hanno indotto l\u2019onorevole Greco a toglierle l\u2019incarico.<\/strong><\/span><\/span><\/p>\n<div style=\"text-align: justify;\"><\/div>\n<p style=\"text-align: justify;\"><span style=\"font-size: 10pt;\"><span style=\"font-family: verdana,geneva;\">\u201cLe motivazioni che sono state date da un settimanale locale, presso il quale non sono molto stimato, non sono esatte, non sono vere.\u201d<\/span><\/span><\/p>\n<div style=\"text-align: justify;\"><\/div>\n<p style=\"text-align: justify;\"><span style=\"font-size: 10pt;\"><span style=\"font-family: verdana,geneva;\"><strong>Allora, le diciamo adesso le motivazioni vere?<\/strong><\/span><\/span><\/p>\n<div style=\"text-align: justify;\"><\/div>\n<p style=\"text-align: justify;\"><span style=\"font-size: 10pt;\"><span style=\"font-family: verdana,geneva;\">\u201cAbbiamo commesso la leggerezza di attaccare la maggioranza, Boccardi in primis, con dei manifesti congiunti insieme a Io Sud. Questo \u00e8 stato l\u2019errore. Per questa leggerezza siamo stati rimproverati e forse chi ci ha rimproverato \u00e8 andato a raccontare tutto a Greco. Smentisco chi va dicendo che sia stato per i toni forti usati da noi contro Boccardi.\u201d<\/span><\/span><\/p>\n<div style=\"text-align: justify;\"><\/div>\n<p style=\"text-align: justify;\"><span style=\"font-size: 10pt;\"><span style=\"font-family: verdana,geneva;\"><strong>Da quando in qua il prof. Onofrio Resta non pu\u00f2 scherzare con il proprio segretario, e una battuta spiritosa diventa addirittura un \u2018caso\u2019? <\/strong><\/span><\/span><\/p>\n<div style=\"text-align: justify;\"><\/div>\n<p style=\"text-align: justify;\"><span style=\"font-size: 10pt;\"><span style=\"font-family: verdana,geneva;\">\u201cHo con il professor Resta rapporti che vanno oltre la politica, con me pu\u00f2 scherzare quando vuole. Questo settimanale locale che ormai non considero nemmeno un giornale, pretestuosamente va cogliendo queste battute per fare del chiacchiericcio. Vogliono attaccarmi ma non hanno altre argomentazioni e usano queste stupidaggini. E l\u2019assessore Resta non li ha neppure degnati di una risposta. A parte il fatto che un qualsiasi giornale, se si dichiara indipendente e invece si schiera, in modo troppo repentino, a favore di un candidato e contro un altro, mi lascia pensare.\u201d<\/span><\/span><\/p>\n<div style=\"text-align: justify;\"><\/div>\n<p style=\"text-align: justify;\"><span style=\"font-size: 10pt;\"><span style=\"font-family: verdana,geneva;\"><strong>Abbiamo un altro candidato turese che si presenta alle Regionali nelle fila di Io Sud: Tina Loiotila.<\/strong><\/span><\/span><\/p>\n<div style=\"text-align: justify;\"><\/div>\n<p style=\"text-align: justify;\"><span style=\"font-size: 10pt;\"><span style=\"font-family: verdana,geneva;\">\u201cPremetto che <strong>noi appoggiamo Ignazio Zullo <\/strong>che, pur non essendo turese, ha fatto e continuer\u00e0 a fare per Turi ci\u00f2 che non fanno i turesi per il loro paese. La presenza della Loiotila finir\u00e0 per danneggiare Boccardi e il Pdl, sottraendo voti pesanti. Potrebbe essere la sorpresa di queste votazioni raggiungendo i 500 voti.\u201d<\/span><\/span><\/p>\n<div style=\"text-align: justify;\"><\/div>\n<p style=\"text-align: justify;\"><span style=\"font-size: 10pt;\"><span style=\"font-family: verdana,geneva;\"><strong>Se dico che il Pdl a Turi il 29 marzo prender\u00e0 il 70% dei voti, mi sbaglio di molto?<\/strong><\/span><\/span><\/p>\n<div style=\"text-align: justify;\"><\/div>\n<p style=\"text-align: justify;\"><span style=\"font-size: 10pt;\"><span style=\"font-family: verdana,geneva;\">\u201cCome stanno le cose ora, credo e spero che lei non si sbagli di molto. Semmai il \u201cproblema\u201d con virgolette, sar\u00e0 fra di noi: a come dividerci tutti quei voti. Il nostro Zullo viene indicato come il primo degli eletti, insieme a Cassano. Boccardi ha delle possibilit\u00e0 di passare solo nel caso di vittoria di Palese.\u201d<\/span><\/span><\/p>\n<div style=\"text-align: justify;\"><\/div>\n<p style=\"text-align: justify;\"><span style=\"font-size: 10pt;\"><span style=\"font-family: verdana,geneva;\"><strong>Cosa deve fare la maggioranza affinch\u00e9 ci sia un ricompattamento fra voi e Gigantelli?<\/strong><\/span><\/span><\/p>\n<div style=\"text-align: justify;\"><\/div>\n<p style=\"text-align: justify;\"><span style=\"font-size: 10pt;\"><span style=\"font-family: verdana,geneva;\">\u201cSe tornano al programma elettorale sottoscritto da tutti e ovviamente si liberano dell\u2019assessore esterno che non era previsto, per giunta legato al centrosinistra, noi siamo disposti ad un appoggio esterno. Il ricongiungimento \u00e8 impossibile, almeno fino alle nuove elezioni.\u201d<\/span><\/span><\/p>\n<div style=\"text-align: justify;\"><\/div>\n<p style=\"text-align: justify;\"><span style=\"font-size: 10pt;\"><span style=\"font-family: verdana,geneva;\"><strong>Forse \u00e8 solo una sensazione mia ma lei sembra antipatico a pi\u00f9 di un turese. A lei risulta? E come mai? <\/strong><\/span><\/span><\/p>\n<div style=\"text-align: justify;\"><\/div>\n<p style=\"text-align: justify;\"><span style=\"font-size: 10pt;\"><span style=\"font-family: verdana,geneva;\">\u201cPerch\u00e9 qualcuno \u00e8 invidioso, dato che non sono laureato e ho un ruolo politico lo stesso. E questo non me lo perdonano. Per non parlare del fatto che qualcuno mi attacca su ci\u00f2 che scrivo, dicendo che lo faccio sotto dettatura. Garantisco che \u00e8 tutta farina del mio sacco.\u201d<\/span><\/span><\/p>\n","protected":false},"excerpt":{"rendered":"<div><img loading=\"lazy\" decoding=\"async\" class=\" alignleft size-full wp-image-1228\" style=\"float: left;\" alt=\"puglia-prima-di-tutto\" src=\"https:\/\/archivioturi.lavocedelpaese.info\/wp-content\/uploads\/2010\/01\/puglia-prima-di-tutto.gif\" height=\"150\" width=\"320\" \/><\/div>\n","protected":false},"author":1,"featured_media":1228,"comment_status":"open","ping_status":"closed","sticky":false,"template":"","format":"standard","meta":{"colormag_page_container_layout":"default_layout","colormag_page_sidebar_layout":"default_layout","footnotes":""},"categories":[4],"tags":[],"class_list":["post-1534","post","type-post","status-publish","format-standard","has-post-thumbnail","hentry","category-politica"],"_links":{"self":[{"href":"https:\/\/archivioturi.lavocedelpaese.info\/index.php\/wp-json\/wp\/v2\/posts\/1534","targetHints":{"allow":["GET"]}}],"collection":[{"href":"https:\/\/archivioturi.lavocedelpaese.info\/index.php\/wp-json\/wp\/v2\/posts"}],"about":[{"href":"https:\/\/archivioturi.lavocedelpaese.info\/index.php\/wp-json\/wp\/v2\/types\/post"}],"author":[{"embeddable":true,"href":"https:\/\/archivioturi.lavocedelpaese.info\/index.php\/wp-json\/wp\/v2\/users\/1"}],"replies":[{"embeddable":true,"href":"https:\/\/archivioturi.lavocedelpaese.info\/index.php\/wp-json\/wp\/v2\/comments?post=1534"}],"version-history":[{"count":0,"href":"https:\/\/archivioturi.lavocedelpaese.info\/index.php\/wp-json\/wp\/v2\/posts\/1534\/revisions"}],"wp:featuredmedia":[{"embeddable":true,"href":"https:\/\/archivioturi.lavocedelpaese.info\/index.php\/wp-json\/wp\/v2\/media\/1228"}],"wp:attachment":[{"href":"https:\/\/archivioturi.lavocedelpaese.info\/index.php\/wp-json\/wp\/v2\/media?parent=1534"}],"wp:term":[{"taxonomy":"category","embeddable":true,"href":"https:\/\/archivioturi.lavocedelpaese.info\/index.php\/wp-json\/wp\/v2\/categories?post=1534"},{"taxonomy":"post_tag","embeddable":true,"href":"https:\/\/archivioturi.lavocedelpaese.info\/index.php\/wp-json\/wp\/v2\/tags?post=1534"}],"curies":[{"name":"wp","href":"https:\/\/api.w.org\/{rel}","templated":true}]}}