{"id":15331,"date":"2018-03-12T15:47:11","date_gmt":"2018-03-12T15:47:11","guid":{"rendered":"https:\/\/archivioturi.lavocedelpaese.info\/index.php\/2018\/03\/12\/tardi-abbandona-la-maggioranza\/"},"modified":"2018-03-12T15:47:11","modified_gmt":"2018-03-12T15:47:11","slug":"tardi-abbandona-la-maggioranza","status":"publish","type":"post","link":"https:\/\/archivioturi.lavocedelpaese.info\/index.php\/2018\/03\/12\/tardi-abbandona-la-maggioranza\/","title":{"rendered":"Tardi abbandona la maggioranza"},"content":{"rendered":"<p><img loading=\"lazy\" decoding=\"async\" src=\"https:\/\/farm2.staticflickr.com\/1563\/25721124074_23115ee100_n.jpg\" alt=\"Due amici al bar... Giuseppe Tardi e Giuseppe Gravinese\" width=\"320\" height=\"240\" style=\"display: block; margin-left: auto; margin-right: auto;\" \/><\/p>\n<p style=\"text-align: center;\"><strong>&#8220;Abbiamo perso credibilit\u00e0&#8221;.<\/strong><\/p>\n<p style=\"text-align: center;\"><strong>&#8220;Non ritengo ci siano pi\u00f9 le condizioni per amministrare questo paese&#8221;<\/strong><\/p>\n<p style=\"text-align: center;\">&nbsp;<\/p>\n<p style=\"text-align: justify;\">Il Consigliere Giuseppe Tardi ha lasciato il gruppo di maggioranza. Le indiscrezioni che si rincorrevano da settimane hanno trovato ufficialit\u00e0 in una lettera protocollata oggi.<\/p>\n<p style=\"text-align: justify;\">Nella missiva &#8211; indirizzata al sindaco, ai Consiglieri comunali e al segretario del Partito Democratico, Tardi riconosce che l\u2019amministrazione vive \u201cuna perpetua crisi\u201d che ha portato, nel tempo, a \u201cmancare tanti obiettivi. Obiettivi che erano alla base della mia decisione di candidarmi nella lista Impegno per Turi: contribuire al miglioramento del mio paese\u201d.<\/p>\n<p style=\"text-align: justify;\">\u201cHo pi\u00f9 volte provato a determinare un cambiamento &#8211; si legge in un altro passaggio della lettera &#8211; ed ho pi\u00f9 volte chiesto pi\u00f9 incisivit\u00e0 a me stesso e a tutta la maggioranza. Come gi\u00e0 anticipato ad alcuni, penso che l\u2019azione dei singoli non \u00e8 stata cattiva ma l\u2019azione sinergica \u00e8 mancata o \u00e8 stata spesso inefficace. Oggi abbiamo perso credibilit\u00e0 mancando nelle risposte ai cittadini e nel confronto con loro\u201d.<\/p>\n<p style=\"text-align: justify;\">\u201cNon ho intenzione di continuare in questo modo &#8211; aggiunge il Consigliere &#8211; e per questo, sospendendomi anche dalle fila del Partito Democratico, al quale riconosco il mio stesso impegno in tal senso, comunico la mia volont\u00e0 di uscire dal gruppo di maggioranza.<\/p>\n<p style=\"text-align: justify;\">\u201cNon ritengo ci siano pi\u00f9 le condizioni per amministrare questo paese &#8211; conclude perentorio Tardi &#8211; dobbiamo essere coerenti e responsabili con i nostri cittadini\u201d.&nbsp;<\/p>\n<p style=\"text-align: justify;\">&nbsp;<\/p>\n<p style=\"text-align: justify;\"><strong>I possibili scenari&nbsp;<\/strong><\/p>\n<p style=\"text-align: justify;\">A questo punto si aprono due scenari possibili per l\u2019amministrazione Coppi, orfana ormai della maggioranza numerica in Consiglio.<\/p>\n<p style=\"text-align: justify;\">Il sindaco, come tutti ragionevolmente si aspettano, dovrebbe consegnare le proprie dimissioni e aprire la crisi di governo: 20 giorni per tentare di ritrovare i numeri utili ad amministrare o, in caso di mancante intese, certificare la fine del governo ed aprire le porte di Palazzo di Citt\u00e0 al Commissario Prefettizio.&nbsp;<\/p>\n<p style=\"text-align: justify;\">Nella seconda ipotesi, Coppi potrebbe decidere di temporeggiare fino al 31 marzo &#8211; giorno in cui dovrebbe essere convocato il Consiglio comunale per l\u2019approvazione del Bilancio &#8211; e sperare nel sostegno \u201ctrasversale\u201d di qualcuno che siede tra i banchi dell\u2019opposizione.&nbsp;<\/p>\n<p style=\"text-align: justify;\"><em><strong>Aggiornamenti ed approfondimenti nel prossimo numero de La Voce del Paese, in edicola venerd\u00ec 16 marzo.<\/strong><\/em><\/p>\n","protected":false},"excerpt":{"rendered":"<p><img loading=\"lazy\" decoding=\"async\" src=\"https:\/\/farm2.staticflickr.com\/1563\/25721124074_23115ee100_n.jpg\" alt=\"Due amici al bar... Giuseppe Tardi e Giuseppe Gravinese\" width=\"320\" height=\"240\" style=\"display: block; margin-left: auto; margin-right: auto;\" \/><\/p>\n","protected":false},"author":1,"featured_media":0,"comment_status":"open","ping_status":"closed","sticky":false,"template":"","format":"standard","meta":{"colormag_page_container_layout":"default_layout","colormag_page_sidebar_layout":"default_layout","footnotes":""},"categories":[4],"tags":[],"class_list":["post-15331","post","type-post","status-publish","format-standard","hentry","category-politica"],"_links":{"self":[{"href":"https:\/\/archivioturi.lavocedelpaese.info\/index.php\/wp-json\/wp\/v2\/posts\/15331","targetHints":{"allow":["GET"]}}],"collection":[{"href":"https:\/\/archivioturi.lavocedelpaese.info\/index.php\/wp-json\/wp\/v2\/posts"}],"about":[{"href":"https:\/\/archivioturi.lavocedelpaese.info\/index.php\/wp-json\/wp\/v2\/types\/post"}],"author":[{"embeddable":true,"href":"https:\/\/archivioturi.lavocedelpaese.info\/index.php\/wp-json\/wp\/v2\/users\/1"}],"replies":[{"embeddable":true,"href":"https:\/\/archivioturi.lavocedelpaese.info\/index.php\/wp-json\/wp\/v2\/comments?post=15331"}],"version-history":[{"count":0,"href":"https:\/\/archivioturi.lavocedelpaese.info\/index.php\/wp-json\/wp\/v2\/posts\/15331\/revisions"}],"wp:attachment":[{"href":"https:\/\/archivioturi.lavocedelpaese.info\/index.php\/wp-json\/wp\/v2\/media?parent=15331"}],"wp:term":[{"taxonomy":"category","embeddable":true,"href":"https:\/\/archivioturi.lavocedelpaese.info\/index.php\/wp-json\/wp\/v2\/categories?post=15331"},{"taxonomy":"post_tag","embeddable":true,"href":"https:\/\/archivioturi.lavocedelpaese.info\/index.php\/wp-json\/wp\/v2\/tags?post=15331"}],"curies":[{"name":"wp","href":"https:\/\/api.w.org\/{rel}","templated":true}]}}