{"id":15329,"date":"2018-03-15T10:03:28","date_gmt":"2018-03-15T10:03:28","guid":{"rendered":"https:\/\/archivioturi.lavocedelpaese.info\/index.php\/2018\/03\/15\/con-la-pentolaccia-si-concludono-i-qfestiniq-di-sammichele\/"},"modified":"2018-03-15T10:03:28","modified_gmt":"2018-03-15T10:03:28","slug":"con-la-pentolaccia-si-concludono-i-qfestiniq-di-sammichele","status":"publish","type":"post","link":"https:\/\/archivioturi.lavocedelpaese.info\/index.php\/2018\/03\/15\/con-la-pentolaccia-si-concludono-i-qfestiniq-di-sammichele\/","title":{"rendered":"Con la pentolaccia si concludono i &#8220;festini&#8221; di Sammichele"},"content":{"rendered":"<p><img loading=\"lazy\" decoding=\"async\" src=\"https:\/\/farm5.staticflickr.com\/4799\/40008041154_c312563011_n.jpg\" alt=\"Carnevale Sammichele 2018 (9)\" width=\"320\" height=\"213\" \/><\/p>\n<p style=\"text-align: center;\"><strong>Realt\u00e0 Immobiliare e Arredamenti Luca Spada sponsor d&#8217;eccellenza <br \/>del Carnevale casalino<\/strong><\/p>\n<p style=\"text-align: center;\"><strong><br \/><\/strong><\/p>\n<p style=\"text-align: justify;\">La tradizionale &#8220;pentolaccia&#8221; ha archiviato l&#8217;edizione 2018 del Carnevale di Sammichele, una ricorrenza caratterizzata dai folkloristici &#8220;festini&#8221;, serate danzanti scandite da figure ben precise: il caposala, gli invitati e i gruppi mascherati guidati dal cosiddetto conduttore.<\/p>\n<p style=\"text-align: justify;\">Da oltre cent&#8217;anni, dopo la festa di Sant&#8217;AntonioAbate, ogni gioved\u00ec, sabato e domenica ci si riunisce in locali pubblici, case e garage privati &#8211; per l&#8217;occasione trasformati in sale da ballo &#8211; e si riportano in vita i rituali carnascialeschi. Cavalieri e dame siedono lungo il perimetro della sala, rigorosamente separati tra loro, danzando fino a notte fonda in attesa dell&#8217;arrivo dei gruppi mascherati. Questi, guidati da un conduttore &#8211; l&#8217;unico che non indossa una maschera &#8211; girano i &#8220;festini\u201d invitando i cavalieri e le dame al ballo, non prima di aver ricevuto l&#8217;autorizzazione del caposala, il vero animatore che allieta i partecipanti con scenette, giochi, battute in dialetto casalino, duettando allegramente con il conduttore. Altra curiosit\u00e0 \u00e8 che alle maschere maschili \u00e8 consentito invitare le dame a patto che il caposala acconsenta e che accettino di togliere la maschera.<\/p>\n<p style=\"text-align: justify;\">Tra le gradite novit\u00e0 di questa edizione del Carnevale di Sammichele, l&#8217;ingresso dell&#8217;Agenzia Immobiliare &#8220;Realt\u00e0 Immobiliare&#8221; in qualit\u00e0 di sponsor dell&#8217;evento. L&#8217;agenzia turese, condotta da Maria Fino unitamente a Luigi Saddi, nella serata finale ospitata dal festino presso il Ristorante &#8220;Il Girasole&#8221;, ha premiato i gruppi mascherati che si sono aggiudicati i primi tre posti, confezionando un trofeo a tema su cui spicca una coppia di mascherine finemente cesellate. Sono state inoltre consegnate una medaglia al miglior rimatore del Carnevale e tre targhe: la prima agli organizzatori Lorenzo e Mimmo Liotino e al loro staff; la seconda al primo cittadino Lorenzo Netti in segno di riconoscimento per la costante presenza ai vari festini e per l&#8217;eccellente gestione della manifestazione, impeccabile per ordine e sicurezza; la terza targa \u00e8 stata dedicata alla mascherata che si \u00e8 distinta per stile ed eleganza. Infine, Realt\u00e0 Immobiliare, dopo aver assolto alla consuetudine della rottura della pignatta, ha piacevolmente sorpreso tutti i partecipanti, omaggiandoli con una foto di gruppo a ricordo della manifestazione.<\/p>\n<p style=\"text-align: justify;\">Presente anche quest&#8217;anno Arredamenti Luca Spada che ha premiato la migliore mascherata. Ad aggiudicarsi il divano in palio \u00e8 stata la mascherata della conduttrice Giulia Diomede, portando in scena la storia del grembiule della nonna e dei vecchi mestieri. Anche Arredamenti Luca Spada ha insignito con targhe ricordo le tre mascherate giunte sul podio, il caposala del festino, Mimmo Liotino, e l\u2019organizzatore Ugo Spinelli.<\/p>\n<p><object width=\"640\" height=\"480\" data=\"https:\/\/www.flickr.com\/apps\/slideshow\/show.swf?v=261948265\" type=\"application\/x-shockwave-flash\"><param name=\"flashvars\" value=\"offsite=true&amp;lang=it-it&amp;page_show_url=%2Fphotos%2F91470992%40N02%2Fsets%2F72157691269001492%2Fshow%2F&amp;page_show_back_url=%2Fphotos%2F91470992%40N02%2Fsets%2F72157691269001492%2F&amp;set_id=72157691269001492&amp;jump_to=0\" \/><param name=\"movie\" value=\"https:\/\/www.flickr.com\/apps\/slideshow\/show.swf?v=261948265\" \/><param name=\"allowFullScreen\" value=\"true\" \/><\/object><\/p>\n","protected":false},"excerpt":{"rendered":"<p><img loading=\"lazy\" decoding=\"async\" src=\"https:\/\/farm5.staticflickr.com\/4799\/40008041154_c312563011_n.jpg\" alt=\"Carnevale Sammichele 2018 (9)\" width=\"320\" height=\"213\" \/><\/p>\n","protected":false},"author":1,"featured_media":0,"comment_status":"open","ping_status":"closed","sticky":false,"template":"","format":"standard","meta":{"colormag_page_container_layout":"default_layout","colormag_page_sidebar_layout":"default_layout","footnotes":""},"categories":[6],"tags":[],"class_list":["post-15329","post","type-post","status-publish","format-standard","hentry","category-cultura"],"_links":{"self":[{"href":"https:\/\/archivioturi.lavocedelpaese.info\/index.php\/wp-json\/wp\/v2\/posts\/15329","targetHints":{"allow":["GET"]}}],"collection":[{"href":"https:\/\/archivioturi.lavocedelpaese.info\/index.php\/wp-json\/wp\/v2\/posts"}],"about":[{"href":"https:\/\/archivioturi.lavocedelpaese.info\/index.php\/wp-json\/wp\/v2\/types\/post"}],"author":[{"embeddable":true,"href":"https:\/\/archivioturi.lavocedelpaese.info\/index.php\/wp-json\/wp\/v2\/users\/1"}],"replies":[{"embeddable":true,"href":"https:\/\/archivioturi.lavocedelpaese.info\/index.php\/wp-json\/wp\/v2\/comments?post=15329"}],"version-history":[{"count":0,"href":"https:\/\/archivioturi.lavocedelpaese.info\/index.php\/wp-json\/wp\/v2\/posts\/15329\/revisions"}],"wp:attachment":[{"href":"https:\/\/archivioturi.lavocedelpaese.info\/index.php\/wp-json\/wp\/v2\/media?parent=15329"}],"wp:term":[{"taxonomy":"category","embeddable":true,"href":"https:\/\/archivioturi.lavocedelpaese.info\/index.php\/wp-json\/wp\/v2\/categories?post=15329"},{"taxonomy":"post_tag","embeddable":true,"href":"https:\/\/archivioturi.lavocedelpaese.info\/index.php\/wp-json\/wp\/v2\/tags?post=15329"}],"curies":[{"name":"wp","href":"https:\/\/api.w.org\/{rel}","templated":true}]}}