{"id":15327,"date":"2018-03-15T06:50:56","date_gmt":"2018-03-15T06:50:56","guid":{"rendered":"https:\/\/archivioturi.lavocedelpaese.info\/index.php\/2018\/03\/15\/molti-marocchini-hanno-votato-salvini\/"},"modified":"2018-03-15T06:50:56","modified_gmt":"2018-03-15T06:50:56","slug":"molti-marocchini-hanno-votato-salvini","status":"publish","type":"post","link":"https:\/\/archivioturi.lavocedelpaese.info\/index.php\/2018\/03\/15\/molti-marocchini-hanno-votato-salvini\/","title":{"rendered":"Molti marocchini hanno votato Salvini"},"content":{"rendered":"<p><img loading=\"lazy\" decoding=\"async\" src=\"https:\/\/farm5.staticflickr.com\/4787\/38907990110_e6c3f62267_n.jpg\" alt=\"Salvini\" width=\"320\" height=\"239\" \/><\/p>\n<p style=\"text-align: center;\"><strong>Il console Vincenzo Abbinante commenta il risultato delle elezioni di domenica scorsa<\/strong><\/p>\n<p style=\"text-align: justify;\">Vincenzo Abbinante, Console del Regno del Marocco, ha risposto alle nostre domande per una analisi del voto di domenica scorsa.<\/p>\n<p style=\"text-align: justify;\">&nbsp;<\/p>\n<p style=\"text-align: justify;\"><strong>Un\u2019analisi politica del voto\u2026<\/strong><\/p>\n<p style=\"text-align: justify;\">\u201cIl popolo sovrano. La sinistra ha fallito in tutto e per tutto. I politici decrepiti dietro le scrivanie avrebbero dovuto lasciare e il popolo ha voluto mandarli a casa\u201d. <img loading=\"lazy\" decoding=\"async\" src=\"https:\/\/farm5.staticflickr.com\/4800\/25846605007_ae9b2a2dbf_n.jpg\" alt=\"A destra, Vincenzo Abbinante\" style=\"margin: 5px; float: right;\" width=\"240\" height=\"320\" \/><\/p>\n<p style=\"text-align: justify;\"><strong><br \/><\/strong><\/p>\n<p style=\"text-align: justify;\"><strong>La legge elettorale ci consegna un paese ingovernabile\u2026<\/strong><\/p>\n<p style=\"text-align: justify;\">\u201cLo era anche prima, quando c\u2019era un operato politico illegittimo. Il fatto che Salvini abbia fatto questo en plein dimostra che si vogliono mettere delle regole all\u2019immigrazione e portare un pizzico di dignit\u00e0. Io rappresento un paese extra-Shengen e posso dire che molti marocchini hanno votato Salvini. Anche loro hanno avuto l\u2019esigenza di ritornare a quella che era l\u2019Italia anni \u201970. Siamo a un delirio.<\/p>\n<p style=\"text-align: justify;\">Adesso non serve orgoglio, ma bisogna uscire da questa crisi economica: i giovani vanno via dall\u2019Italia, per fare una mammografia ci vogliono mesi, l\u2019euro ha creato pi\u00f9 svantaggi. L\u2019Italia post voto \u00e8 stata tagliata in due, \u00e8 tornato il Regno delle Due Sicilie, a dimostrazione che i disagi sono qui.<\/p>\n<p style=\"text-align: justify;\">I 5 stelle e il centrodestra non hanno i numeri per governare. Bisogna fare una coalizione sana per uscire da questo scempio quotidiano che \u00e8 la crisi economica. Quando andiamo noi all\u2019estero diamo onore all\u2019Italia\u201d.<\/p>\n<p style=\"text-align: justify;\"><strong><br \/><\/strong><\/p>\n<p style=\"text-align: justify;\"><strong>Cosa dicono dell\u2019Italia in Marocco? Cosa dicono all\u2019estero?<\/strong><\/p>\n<p style=\"text-align: justify;\">\u201cIl paese Italia \u00e8 in default e nessuno ha la capacit\u00e0 di confermarlo, per non creare allarmismi. Ci sono serie problematiche. C\u2019\u00e8 stata una rivoluzione elettorale che deriva dal malcontento dovuto a personaggi che hanno intossicato lo scenario politico elettorale\u201d.<\/p>\n<p style=\"text-align: justify;\"><strong><br \/><\/strong><\/p>\n<p style=\"text-align: justify;\"><strong>La soluzione \u00e8 Salvini?<\/strong><\/p>\n<p style=\"text-align: justify;\">\u201cSalvini ha eletto un nigeriano in Veneto e lo dice un nigeriano; non \u00e8 giusto trovare fuori dai supermercati italiani questi signori che ti estorcono denaro. Lo dice un nigeriano che le modalit\u00e0 di accoglienza non sono degne di questo paese. Serve una legge che tuteli innanzitutto gli italiani, gli immigrati che lavorano e fanno parte della comunit\u00e0 (in Italia abbiamo 500 mila marocchini). Abbiamo pensionati che non possono mangiare e non vanno nemmeno alla Caritas per la vergogna e questo ci deve fare riflettere, e poi destiniamo parte del nostro bilancio per gli immigrati. C\u2019\u00e8 una invasione di gente che non vuole lavorare\u201d.<\/p>\n<p style=\"text-align: justify;\"><strong><br \/><\/strong><\/p>\n<p style=\"text-align: justify;\"><strong>Sul piano della politica locale?<\/strong><\/p>\n<p style=\"text-align: justify;\">\u201c\u00c8 peggio di quella nazionale. Non c\u2019\u00e8 una politica locale. Questa amministrazione \u00e8 la pi\u00f9 moribonda della storia della comunit\u00e0 turese. \u00c8 una amministrazione comunale basata sullo stipendio\u2026 sono l\u00ec a far cosa? A non fare niente. Alle 19 questo paese \u00e8 un coprifuoco\u201d.<\/p>\n<p style=\"text-align: justify;\">&nbsp;<\/p>\n<p style=\"text-align: justify;\"><strong>C\u2019\u00e8 un\u2019alternativa?<\/strong><\/p>\n<p style=\"text-align: justify;\">\u201cCi sar\u00e0 se qualcuno alle prossime elezioni comunali dimostrer\u00e0 di avere un programma bello, obiettivo e concreto\u201d.<\/p>\n<p style=\"text-align: justify;\">&nbsp;<\/p>\n<p style=\"text-align: justify;\"><strong>Che vuole dire a Boccardi eletto al Senato?<\/strong><\/p>\n<p style=\"text-align: justify;\">\u201cIn bocca al lupo. Che porti rinnovamento anche lui. A differenza di altri politici, lui \u00e8 stato molto coerente con la forza politica che rappresenta. La coerenza per Michele \u00e8 stata una carta vincente, perch\u00e9 Massimo Cassano a Bari non \u00e8 stato eletto (passato dal governo a Forza Italia, ndr).<\/p>\n<p style=\"text-align: justify;\">&nbsp;<\/p>\n<p style=\"text-align: justify;\">{jcomments off}<\/p>\n","protected":false},"excerpt":{"rendered":"<p><img loading=\"lazy\" decoding=\"async\" src=\"https:\/\/farm5.staticflickr.com\/4787\/38907990110_e6c3f62267_n.jpg\" alt=\"Salvini\" width=\"320\" height=\"239\" \/><\/p>\n","protected":false},"author":1,"featured_media":0,"comment_status":"open","ping_status":"closed","sticky":false,"template":"","format":"standard","meta":{"colormag_page_container_layout":"default_layout","colormag_page_sidebar_layout":"default_layout","footnotes":""},"categories":[4],"tags":[],"class_list":["post-15327","post","type-post","status-publish","format-standard","hentry","category-politica"],"_links":{"self":[{"href":"https:\/\/archivioturi.lavocedelpaese.info\/index.php\/wp-json\/wp\/v2\/posts\/15327","targetHints":{"allow":["GET"]}}],"collection":[{"href":"https:\/\/archivioturi.lavocedelpaese.info\/index.php\/wp-json\/wp\/v2\/posts"}],"about":[{"href":"https:\/\/archivioturi.lavocedelpaese.info\/index.php\/wp-json\/wp\/v2\/types\/post"}],"author":[{"embeddable":true,"href":"https:\/\/archivioturi.lavocedelpaese.info\/index.php\/wp-json\/wp\/v2\/users\/1"}],"replies":[{"embeddable":true,"href":"https:\/\/archivioturi.lavocedelpaese.info\/index.php\/wp-json\/wp\/v2\/comments?post=15327"}],"version-history":[{"count":0,"href":"https:\/\/archivioturi.lavocedelpaese.info\/index.php\/wp-json\/wp\/v2\/posts\/15327\/revisions"}],"wp:attachment":[{"href":"https:\/\/archivioturi.lavocedelpaese.info\/index.php\/wp-json\/wp\/v2\/media?parent=15327"}],"wp:term":[{"taxonomy":"category","embeddable":true,"href":"https:\/\/archivioturi.lavocedelpaese.info\/index.php\/wp-json\/wp\/v2\/categories?post=15327"},{"taxonomy":"post_tag","embeddable":true,"href":"https:\/\/archivioturi.lavocedelpaese.info\/index.php\/wp-json\/wp\/v2\/tags?post=15327"}],"curies":[{"name":"wp","href":"https:\/\/api.w.org\/{rel}","templated":true}]}}