{"id":15326,"date":"2018-03-15T05:14:00","date_gmt":"2018-03-15T05:14:00","guid":{"rendered":"https:\/\/archivioturi.lavocedelpaese.info\/index.php\/2018\/03\/15\/la-sinistra-affonda\/"},"modified":"2018-03-15T05:14:00","modified_gmt":"2018-03-15T05:14:00","slug":"la-sinistra-affonda","status":"publish","type":"post","link":"https:\/\/archivioturi.lavocedelpaese.info\/index.php\/2018\/03\/15\/la-sinistra-affonda\/","title":{"rendered":"La Sinistra affonda"},"content":{"rendered":"<p><img loading=\"lazy\" decoding=\"async\" src=\"https:\/\/farm5.staticflickr.com\/4787\/39822904025_a88c8d0304_n.jpg\" alt=\"Fabrizio Resta\" width=\"320\" height=\"240\" \/><\/p>\n<p style=\"text-align: center;\"><strong>Fabrizio Resta, che sosteneva LeU: \u201cNon c\u2019\u00e8 da stupirsi\u2026\u201d<\/strong><\/p>\n<p style=\"text-align: justify;\">La sinistra turese ha raccolto pochi voti alle elezioni di domenica scorsa. Fabrizio Resta slega il risultato dalla situazione politico-amministrativa locale e aggiunge: \u201cNon c\u2019\u00e8 da stupirsi\u2026\u201d.<\/p>\n<p style=\"text-align: justify;\">&nbsp;<\/p>\n<p style=\"text-align: justify;\"><strong>Come commenta il vostro risultato? Vi aspettavate di pi\u00f9?<\/strong><\/p>\n<p style=\"text-align: justify;\">\u201cMi stupisco che ci sia stupore per questo risultato. La verit\u00e0 \u00e8 che noi di LeU non eravamo preparati per queste elezioni. Abbiamo creato mille insegne in questi anni che per\u00f2 erano vuote sia dal punto di vista programmatico che dal punto di vista dell\u2019organico. Non c\u2019era nessuna base elettorale dietro ma solo un progetto, fatto dall\u2019alto che riuniva ex Pd ed esponenti di SI. Non siamo stati capaci di provvedere all&#8217;assenza di un messaggio, di una proposta politica in grado di impattare nella societ\u00e0. Semplificando al massimo la strategia di campagna elettorale si \u00e8 limitata sul tentativo di intercettare il voto in uscita dal PD che invece si \u00e8 spostato verso i Cinque Stelle. Bisognava invece provare a strappare il voto giovanile e conquistare consensi tra gli astensionisti e gli indecisi, ma sono cose che non puoi improvvisare; certe sfide si preparano gradualmente con gli anni. La dichiarazione della possibilit\u00e0 (poi corretta) di far parte di un governo istituzionale con Pd e Forza Italia ha fatto il resto. In un contesto nazionale dove negli ultimi anni le politiche di sinistra e di destra sono state spesso speculari e tutte generatrici di riforme (se le vogliamo chiamare cos\u00ec) nefaste per i molti e non per i pochi, il presentarsi disponibili a dialogare con \u201cl\u2019ancien regime\u201d presentandosi anche con esponenti che si ponevano in continuit\u00e0 con essi (vedi D\u2019Alema ma non solo lui) ha penalizzato fortemente il nascere di qualcosa di alternativo a sinistra. Credo che sia cosa ovvia che tutto il gruppo dirigente di SI presenti le sue dimissioni alla direzione nazionale e consegni la discussione ai tanti militanti per ricostruire un partito realmente alternativo. Oggi pi\u00f9 che mai serve ricominciare tutto da zero\u201d.<\/p>\n<p style=\"text-align: justify;\">&nbsp;<\/p>\n<p style=\"text-align: justify;\"><strong>Il centrosinistra arretra anche a Turi. Ci sono responsabilit\u00e0 sul piano locale?<\/strong><\/p>\n<p style=\"text-align: justify;\">\u201cNe dubito fortemente. L\u2019esperienza in questa amministrazione potr\u00e0 anche aver fatto storcere il naso a qualcuno ma non al punto da incidere in modo significativo in queste elezioni. Diciamo che sono due dimensioni diverse. Se per vincere fosse necessario fare bene a Turi, probabilmente il M5S, per il ruolo che ha avuto in questo paese, avrebbe ottenuto solo una settantina di voti\u201d.<\/p>\n<p style=\"text-align: justify;\">&nbsp;<\/p>\n<p style=\"text-align: justify;\"><strong>Il senatore Boccardi \u00e8 stato eletto. Vuole lanciargli un appello?<\/strong><\/p>\n<p style=\"text-align: justify;\">\u201cL\u2019On. Boccardi non ha certo bisogno dei miei appelli e io non sono nessuno per farli. Gli auguro un grosso \u201cbuon lavoro\u201d perch\u00e9 il paese ne ha bisogno\u201d.<\/p>\n<p style=\"text-align: justify;\">&nbsp;<\/p>\n<p style=\"text-align: justify;\"><strong>Che ne pensa dell&#8217;exploit dei 5 stelle?<\/strong><\/p>\n<p style=\"text-align: justify;\">\u201cRenzi \u00e8 riuscito a creare il vero partito della Nazione: il Movimento 5 Stelle ora \u00e8 composto da una base elettorale eterogenea: giovani precari, commercianti che a malapena riescono a sopravvivere, disoccupati e licenziati, pensionati e famiglie lasciate senza ammortizzatori sociali, cittadini sprovvisti di un\u2019assistenza sanitaria sufficiente. Tutte persone che hanno pagato sulla propria pelle la pessima politica degli ultimi anni, sia di destra che di sinistra, a cui Di Maio \u00e8 riuscito a ridare speranza. Il voto del 4 Marzo, alla fine si sintetizza nella volont\u00e0 dei cittadini di liberarsi della sua classe dirigente. Persino la vittoria della Lega \u00e8 un\u2019altra cosa rispetto al centrodestra a trazione berlusconiana. Il 4 Marzo ha estirpato l\u2019establishment della Seconda Repubblica e si \u00e8 orientato verso un\u2019apertura, pi\u00f9 emotiva che ragionata, verso un generico \u201cnuovismo\u201d. Ora staremo a vedere che succede\u201d.<\/p>\n<p style=\"text-align: justify;\">&nbsp;<\/p>\n<p style=\"text-align: justify;\"><strong>A breve approder\u00e0 il bilancio in aula e Tardi potrebbe passare all&#8217;opposizione. La maggioranza \u00e8 ancora divisa?<\/strong><\/p>\n<p style=\"text-align: justify;\">\u201cNon so cosa far\u00e0 Tardi. L&#8217;amministrazione concreta \u00e8 un&#8217;altra cosa e si scontra con i problemi quotidiani dei cittadini, e con i servizi. La maggioranza che si siede ai tavoli \u00e8 salda e unita e sta lavorando per migliorare questo paese. Per altre questioni temo che dovrete chiedere ai diretti interessati\u201d.<\/p>\n<p style=\"text-align: justify;\">&nbsp;<\/p>\n<p style=\"text-align: justify;\"><strong>Che ne pensa delle opinioni raccolte tra i cittadini turesi? Sono state tutte negative\u2026<\/strong><\/p>\n<p style=\"text-align: justify;\">\u201cSono dell\u2019idea che oggi amministrare un piccolo comune sia pi\u00f9 difficile rispetto a ieri. Abbiamo subito quaranta miliardi di tagli in sette anni. Gli enti locali, tra 2008 e 2015, si sono visti ridurre i trasferimenti statali di 22 miliardi e hanno subito un calo dei finanziamenti per la sanit\u00e0 di 17,5 miliardi. Sforbiciate a cui i Comuni, in particolare, hanno fatto fronte nel solito modo: aumentando le tasse. Tasse che sono state aumentate negli ultimi anni anche per via del patto di stabilit\u00e0, ora sostituito dal pareggio di bilancio. Con il patto di stabilit\u00e0, veniva richiesto ai comuni di produrre un risparmio destinato a contribuire a parte del risanamento del bilancio pubblico. Il rispetto di questi saldi obiettivo ha portato i comuni ad aumentare le imposte locali e a contrarre le spese per investimento e i loro pagamenti. Per i comuni rispettare il vincolo del pareggio di bilancio \u00e8 stato senz\u2019altro pi\u00f9 facile che raggiungere un avanzo e le risorse che sarebbero state risparmiate in presenza del patto possono essere spese. Nel 2017, anche grazie a questa maggioranza, si \u00e8 riusciti a disporre di pi\u00f9 soldi che sono stati investiti soprattutto sulle strade e marciapiedi, ma anche per la sicurezza nelle scuole e tanto altro ancora. I cittadini si lamentano giustamente perch\u00e9 i problemi sono tanti e la coperta \u00e8 corta ma spesso anche perch\u00e9 informati male da chi fa informazione strumentale. Tanto per fare un esempio, sui social si \u00e8 creato un casino ingiustificato per uno gradino rotto a scuola. Alla realt\u00e0 che giustamente poneva in risalto la questione sicurezza, si sono aggiunte informazioni errate: le due settimane che i social vedevano come tempistica per aggiustare il gradino in realt\u00e0 si sono concretizzati in 3-4 giorni e l\u2019accusa alla maggioranza di inerzia era volutamente inesatta, dato che nessuno ha specificato che quei lavori erano di competenza della Scuola e non del Comune. \u00c8 solo un esempio ma potrei andare oltre. Certo, ammetto che se la maggioranza venisse dipinta dai suoi stessi componenti in modo meno politico e pi\u00f9 amministrativo, probabilmente i cittadini avrebbero una visione pi\u00f9 realistica\u201d.<\/p>\n","protected":false},"excerpt":{"rendered":"<p><img loading=\"lazy\" decoding=\"async\" src=\"https:\/\/farm5.staticflickr.com\/4787\/39822904025_a88c8d0304_n.jpg\" alt=\"Fabrizio Resta\" width=\"320\" height=\"240\" \/><\/p>\n","protected":false},"author":1,"featured_media":0,"comment_status":"open","ping_status":"closed","sticky":false,"template":"","format":"standard","meta":{"colormag_page_container_layout":"default_layout","colormag_page_sidebar_layout":"default_layout","footnotes":""},"categories":[4],"tags":[],"class_list":["post-15326","post","type-post","status-publish","format-standard","hentry","category-politica"],"_links":{"self":[{"href":"https:\/\/archivioturi.lavocedelpaese.info\/index.php\/wp-json\/wp\/v2\/posts\/15326","targetHints":{"allow":["GET"]}}],"collection":[{"href":"https:\/\/archivioturi.lavocedelpaese.info\/index.php\/wp-json\/wp\/v2\/posts"}],"about":[{"href":"https:\/\/archivioturi.lavocedelpaese.info\/index.php\/wp-json\/wp\/v2\/types\/post"}],"author":[{"embeddable":true,"href":"https:\/\/archivioturi.lavocedelpaese.info\/index.php\/wp-json\/wp\/v2\/users\/1"}],"replies":[{"embeddable":true,"href":"https:\/\/archivioturi.lavocedelpaese.info\/index.php\/wp-json\/wp\/v2\/comments?post=15326"}],"version-history":[{"count":0,"href":"https:\/\/archivioturi.lavocedelpaese.info\/index.php\/wp-json\/wp\/v2\/posts\/15326\/revisions"}],"wp:attachment":[{"href":"https:\/\/archivioturi.lavocedelpaese.info\/index.php\/wp-json\/wp\/v2\/media?parent=15326"}],"wp:term":[{"taxonomy":"category","embeddable":true,"href":"https:\/\/archivioturi.lavocedelpaese.info\/index.php\/wp-json\/wp\/v2\/categories?post=15326"},{"taxonomy":"post_tag","embeddable":true,"href":"https:\/\/archivioturi.lavocedelpaese.info\/index.php\/wp-json\/wp\/v2\/tags?post=15326"}],"curies":[{"name":"wp","href":"https:\/\/api.w.org\/{rel}","templated":true}]}}