{"id":15318,"date":"2018-03-13T09:00:42","date_gmt":"2018-03-13T09:00:42","guid":{"rendered":"https:\/\/archivioturi.lavocedelpaese.info\/index.php\/2018\/03\/13\/prospettive-e-opportunita-di-aggregazione-e-di-crescita\/"},"modified":"2018-03-13T09:00:42","modified_gmt":"2018-03-13T09:00:42","slug":"prospettive-e-opportunita-di-aggregazione-e-di-crescita","status":"publish","type":"post","link":"https:\/\/archivioturi.lavocedelpaese.info\/index.php\/2018\/03\/13\/prospettive-e-opportunita-di-aggregazione-e-di-crescita\/","title":{"rendered":"Prospettive e opportunit\u00e0 di aggregazione e di crescita"},"content":{"rendered":"<p><img loading=\"lazy\" decoding=\"async\" src=\"https:\/\/farm5.staticflickr.com\/4794\/38907448140_85a86c5900_n.jpg\" alt=\"Casa delle Idee Turi (1)\" width=\"320\" height=\"180\" \/><\/p>\n<p style=\"text-align: center;\"><strong>Oltre 100mila euro per migliorare il laboratorio urbano \u201cCasa delle Idee\u201d<\/strong><\/p>\n<p style=\"text-align: justify;\">Si \u00e8 svolto nel pomeriggio del 3 marzo, presso la Sala Conferenze di Casa delle Idee, l\u2019evento illustrativo promosso dal Comune di Turi in collaborazione con l\u2019Associazione Casa delle Idee, che ha avuto l\u2019obiettivo di presentare alla cittadinanza le idee progettuali volte alla partecipazione all\u2019Avviso Pubblico Regionale \u201cLaboratori Urbani in Rete 2017\u201d.<\/p>\n<p style=\"text-align: justify;\">In particolare, il bando a cui il Comune di Turi sta partecipando \u00e8 cos\u00ec intitolato: \u201cAvviso pubblico per la realizzazione di interventi di adeguamento strumentale e strutturale dei laboratori urbani per lo sviluppo di attivit\u00e0 sociali, di produzioni creative e culturali, di aggregazione giovanile e di educazione alla legalit\u00e0 &#8211; laboratori urbani in rete 2017&#8243;<\/p>\n<p style=\"text-align: justify;\">Dal titolo quindi \u00e8 possibile gi\u00e0 capire che l\u2019intento del Comune, e dei gestori di Casa delle Idee, \u00e8 quello di migliorare ancora di pi\u00f9 il laboratorio urbano sito all\u2019interno dei locali del Convento delle Clarisse di Piazza Gonnelli.<\/p>\n<p style=\"text-align: justify;\">Il progetto per partecipare al bando era gi\u00e0 in lavorazione, ma questo incontro \u00e8 stato utilissimo per i progettisti, che possono ora avvalersi delle preziose informazioni e richieste dei cittadini che, gestori o non del centro, hanno potuto dire la propria durante l\u2019evento. In poche parole, presentando un progetto ben definito, sar\u00e0 possibile beneficiare di un contributo compreso fra 50mila e 150mila euro (a seconda del progetto presentato).<\/p>\n<p><img loading=\"lazy\" decoding=\"async\" src=\"https:\/\/farm5.staticflickr.com\/4775\/40007292164_d43843f700_n.jpg\" alt=\"Casa delle Idee Turi (2)\" style=\"margin: 5px; float: right;\" width=\"350\" height=\"197\" \/><\/p>\n<p style=\"text-align: justify;\">Il progetto in atto che verr\u00e0 presentato superer\u00e0 sicuramente i 100mila euro, poich\u00e9 tra le varie opere di miglioramento \u201cminori\u201d inserite, c\u2019\u00e8 una grossa fetta economica legata al restauro dell\u2019unica stanza attualmente inagibile situata all\u2019interno del laboratorio urbano. Si tratta della stanza nella quale sono stati ritrovati dei reperti archeologici dell\u2019epoca Peuceta durante gli ultimi lavori effettuati in loco (stanza chiusa al pubblico, dietro all\u2019ascensore situato all\u2019ingresso della biblioteca).<\/p>\n<p style=\"text-align: justify;\">Il restauro di questa stanza servir\u00e0 per valorizzare ancor di pi\u00f9 il laboratorio urbano Casa delle Idee e per incrementare l\u2019attrattiva turistica del territorio turese: con la riscoperta della zona archeologica, si potranno creare laboratori didattici con le associazioni e le scuole, oltre a tutto quello che a livello turistico si potr\u00e0 creare, anche in rete con le altre attrattive turistiche di Turi.<\/p>\n<p style=\"text-align: justify;\">Tra le varie proposte di miglioramento dei cittadini \u00e8 spuntata la necessit\u00e0 di coprire il Chiostro delle Clarisse, dato che le intemperie hanno spesso e volentieri recato non pochi problemi all\u2019interno del laboratorio urbano, con allagamenti e deterioramento delle strutture interne. La copertura \u00e8 stata presa in considerazione e segnalata agli addetti ai lavori, ma molto probabilmente verr\u00e0 inserita nella partecipazione ad un altro bando, dato che inserendola in questo, si rischierebbe di sforare il budget massimo dei 150 mila euro richiedibili. Verranno per\u00f2 valutate delle soluzioni alternative (ad esempio delle grate per il deflusso dell\u2019acqua piovana) da inserire in questo progetto.<\/p>\n<p style=\"text-align: justify;\">Notizia degli ultimissimi giorni \u00e8 quella della proroga del termine di scadenza di questo Avviso Pubblico. Precedentemente bisognava presentare i progetti entro e non oltre il 9 marzo, mentre ora il termine \u00e8 fissato per il 20 marzo, fattore che d\u00e0 ai progettisti qualche giorno in pi\u00f9 per lavorare meglio al progetto.<\/p>\n<p style=\"text-align: justify;\">Ci auguriamo ovviamente di vincere questo bando, e di vedere presto l\u2019area archeologica (ri)prendere vita.<\/p>\n","protected":false},"excerpt":{"rendered":"<p><img loading=\"lazy\" decoding=\"async\" src=\"https:\/\/farm5.staticflickr.com\/4794\/38907448140_85a86c5900_n.jpg\" alt=\"Casa delle Idee Turi (1)\" width=\"320\" height=\"180\" \/><\/p>\n","protected":false},"author":1,"featured_media":0,"comment_status":"open","ping_status":"closed","sticky":false,"template":"","format":"standard","meta":{"colormag_page_container_layout":"default_layout","colormag_page_sidebar_layout":"default_layout","footnotes":""},"categories":[6],"tags":[],"class_list":["post-15318","post","type-post","status-publish","format-standard","hentry","category-cultura"],"_links":{"self":[{"href":"https:\/\/archivioturi.lavocedelpaese.info\/index.php\/wp-json\/wp\/v2\/posts\/15318","targetHints":{"allow":["GET"]}}],"collection":[{"href":"https:\/\/archivioturi.lavocedelpaese.info\/index.php\/wp-json\/wp\/v2\/posts"}],"about":[{"href":"https:\/\/archivioturi.lavocedelpaese.info\/index.php\/wp-json\/wp\/v2\/types\/post"}],"author":[{"embeddable":true,"href":"https:\/\/archivioturi.lavocedelpaese.info\/index.php\/wp-json\/wp\/v2\/users\/1"}],"replies":[{"embeddable":true,"href":"https:\/\/archivioturi.lavocedelpaese.info\/index.php\/wp-json\/wp\/v2\/comments?post=15318"}],"version-history":[{"count":0,"href":"https:\/\/archivioturi.lavocedelpaese.info\/index.php\/wp-json\/wp\/v2\/posts\/15318\/revisions"}],"wp:attachment":[{"href":"https:\/\/archivioturi.lavocedelpaese.info\/index.php\/wp-json\/wp\/v2\/media?parent=15318"}],"wp:term":[{"taxonomy":"category","embeddable":true,"href":"https:\/\/archivioturi.lavocedelpaese.info\/index.php\/wp-json\/wp\/v2\/categories?post=15318"},{"taxonomy":"post_tag","embeddable":true,"href":"https:\/\/archivioturi.lavocedelpaese.info\/index.php\/wp-json\/wp\/v2\/tags?post=15318"}],"curies":[{"name":"wp","href":"https:\/\/api.w.org\/{rel}","templated":true}]}}