{"id":15315,"date":"2018-03-12T10:07:48","date_gmt":"2018-03-12T10:07:48","guid":{"rendered":"https:\/\/archivioturi.lavocedelpaese.info\/index.php\/2018\/03\/12\/ritorna-la-fanova-a-largo-pozzi\/"},"modified":"2018-03-12T10:07:48","modified_gmt":"2018-03-12T10:07:48","slug":"ritorna-la-fanova-a-largo-pozzi","status":"publish","type":"post","link":"https:\/\/archivioturi.lavocedelpaese.info\/index.php\/2018\/03\/12\/ritorna-la-fanova-a-largo-pozzi\/","title":{"rendered":"Ritorna la Fan\u00f2va a Largo Pozzi"},"content":{"rendered":"<p><img loading=\"lazy\" decoding=\"async\" src=\"https:\/\/farm5.staticflickr.com\/4788\/39822214345_695814a609_n.jpg\" alt=\"Fanove Turi 2018\" width=\"269\" height=\"320\" \/><\/p>\n<p style=\"text-align: center;\"><strong>La Nuova Pro Loco invita la cittadinanza a festeggiare la tradizione<\/strong><\/p>\n<p style=\"text-align: justify;\">Dopo un anno di assenza, la tradizione \u00e8 tornata a chiamare e presto la Nuova Pro Loco ha risposto \u201cpresente\u201d. Festa, folklore, cultura popolare, gastronomia, musica, coinvolgimento di grandi e piccini.<\/p>\n<p style=\"text-align: justify;\">Saranno questi gli ingredienti che i componenti della Pro Loco metteranno assieme nella serata di luned\u00ec 19 marzo per festeggiare tutti assieme la V edizione delle Fan\u00f2ve di San Giuseppe e tradizioni.<\/p>\n<p style=\"text-align: justify;\">Una ricetta ben collaudata per diversi anni, interrotta solo lo scorso anno e richiesta a gran voce dai turesi che non vogliono rinunciare ad un appuntamento che li vede uniti, presso Largo Pozzi, a partire dalle ore 19.00.<\/p>\n<p style=\"text-align: justify;\">Una grande Fan\u00f2va far\u00e0 da faro per chi, iscrivendosi, vorr\u00e0 partecipare al concorso a premi indetto dall&#8217;Associazione organizzatrice a cui si pu\u00f2 aderire fino al 15 marzo rivolgendosi al numero 3477965065 (Vincenzo) o direttamente nella sede di via XX settembre, 3.<\/p>\n<p style=\"text-align: justify;\">\u201cFino a questo momento sono 4 le fan\u00f2ve che parteciperanno al concorso mirato a rievocare e rivalutare l\u2019antica tradizione di accendere fan\u00f2ve con usi, costumi e sapori della civilt\u00e0 turese\u201d.<\/p>\n<p style=\"text-align: justify;\">E se una giuria \u201calla cui composizione stiamo lavorando\u201d &#8211; ci spiegano dalla Nuova Pro Loco &#8211; sar\u00e0 impegnata a valutare le fan\u00f2ve in concorso, l\u2019Associazione ha organizzato per tutti uno spettacolo di magia ed illusionismo a cura del Mago Domin e uno spettacolo Acustico-Folk dei Tammorra Felice. Alle ore 22.00 circa sar\u00e0 proclamata la fan\u00f2va vincitrice. In caso di pioggia, l&#8217;evento sar\u00e0 rimandato al 25 marzo.<\/p>\n","protected":false},"excerpt":{"rendered":"<p><img loading=\"lazy\" decoding=\"async\" src=\"https:\/\/farm5.staticflickr.com\/4788\/39822214345_695814a609_n.jpg\" alt=\"Fanove Turi 2018\" width=\"269\" height=\"320\" \/><\/p>\n","protected":false},"author":1,"featured_media":0,"comment_status":"open","ping_status":"closed","sticky":false,"template":"","format":"standard","meta":{"colormag_page_container_layout":"default_layout","colormag_page_sidebar_layout":"default_layout","footnotes":""},"categories":[6],"tags":[],"class_list":["post-15315","post","type-post","status-publish","format-standard","hentry","category-cultura"],"_links":{"self":[{"href":"https:\/\/archivioturi.lavocedelpaese.info\/index.php\/wp-json\/wp\/v2\/posts\/15315","targetHints":{"allow":["GET"]}}],"collection":[{"href":"https:\/\/archivioturi.lavocedelpaese.info\/index.php\/wp-json\/wp\/v2\/posts"}],"about":[{"href":"https:\/\/archivioturi.lavocedelpaese.info\/index.php\/wp-json\/wp\/v2\/types\/post"}],"author":[{"embeddable":true,"href":"https:\/\/archivioturi.lavocedelpaese.info\/index.php\/wp-json\/wp\/v2\/users\/1"}],"replies":[{"embeddable":true,"href":"https:\/\/archivioturi.lavocedelpaese.info\/index.php\/wp-json\/wp\/v2\/comments?post=15315"}],"version-history":[{"count":0,"href":"https:\/\/archivioturi.lavocedelpaese.info\/index.php\/wp-json\/wp\/v2\/posts\/15315\/revisions"}],"wp:attachment":[{"href":"https:\/\/archivioturi.lavocedelpaese.info\/index.php\/wp-json\/wp\/v2\/media?parent=15315"}],"wp:term":[{"taxonomy":"category","embeddable":true,"href":"https:\/\/archivioturi.lavocedelpaese.info\/index.php\/wp-json\/wp\/v2\/categories?post=15315"},{"taxonomy":"post_tag","embeddable":true,"href":"https:\/\/archivioturi.lavocedelpaese.info\/index.php\/wp-json\/wp\/v2\/tags?post=15315"}],"curies":[{"name":"wp","href":"https:\/\/api.w.org\/{rel}","templated":true}]}}