{"id":15313,"date":"2018-03-12T06:55:49","date_gmt":"2018-03-12T06:55:49","guid":{"rendered":"https:\/\/archivioturi.lavocedelpaese.info\/index.php\/2018\/03\/12\/qsterilizzate-i-vostri-caniq\/"},"modified":"2018-03-12T06:55:49","modified_gmt":"2018-03-12T06:55:49","slug":"qsterilizzate-i-vostri-caniq","status":"publish","type":"post","link":"https:\/\/archivioturi.lavocedelpaese.info\/index.php\/2018\/03\/12\/qsterilizzate-i-vostri-caniq\/","title":{"rendered":"&#8220;Sterilizzate i vostri cani&#8221;"},"content":{"rendered":"<p><img loading=\"lazy\" decoding=\"async\" src=\"https:\/\/farm5.staticflickr.com\/4771\/38907319790_258aa79637_n.jpg\" alt=\"16864083056_2338abe497_k\" width=\"213\" height=\"320\" \/><\/p>\n<p style=\"text-align: center;\"><strong>L&#8217;appello della vicesindaco Orlando dopo l&#8217;ennesimo atto di ferocia contro i randagi<\/strong><\/p>\n<p style=\"text-align: justify;\">Sulla vicenda della cagnolina barbaramente uccisa a colpi di fucile si \u00e8 espressa anche la vicesindaco Lavina Orlando, delegata al randagismo.<\/p>\n<p style=\"text-align: justify;\">Oltre ad esprimere una dura condanna per l&#8217;efferatezza compiuta da un &#8220;essere diversamente umano&#8221;, la vicesindaco ha confermato che, insieme a testimoni ed associazioni animaliste del territorio, si \u00e8 recata presso la locale Stazione dei Carabinieri per sporgere formale denuncia, &#8220;in modo che il criminale che ha commesso il reato (perch\u00e9 di illecito penale si tratta) venga individuato al pi\u00f9 presto e sconti la pena prevista dalla legge&#8221;.<\/p>\n<p style=\"text-align: justify;\">Infine, la precisazione sul ruolo svolto dal Comune di Turi nel contrasto al fenomeno del randagismo, lanciando l&#8217;ennesimo appello, rivolto a tutti i detentori di cani, a sterilizzare i propri amici a quattro zampe, approfittando del contributo comunale previsto.<\/p>\n<p style=\"text-align: justify;\">&#8220;Il fenomeno del randagismo nel Comune di Turi \u00e8 ben monitorato &#8211; esordisce la vicesindaco &#8211; soprattutto grazie all&#8217;incessante opera delle volontarie di Bau Bau Turi Canile di Turi, che hanno sterilizzato e dato in adozione numerosi cani e che continuano nel quotidiano lavoro di sensibilizzazione. Il Comune di Turi ha da poco avviato una campagna di microchippatura e sterilizzazione di cani padronali, oltre ad una collaborazione con l&#8217;associazione A.N.P.A.N.A., che, in queste settimane, sta informando &#8220;porta a porta&#8221; tutti i cittadini interessati circa la possibilit\u00e0 di ottenere contributi dal Comune per sterilizzare i propri cani e circa l&#8217;obbligo di microchipparli (campagna che sta producendo ottimi risultati, dato che le iscrizioni all&#8217;anagrafe canina stanno aumentando vertiginosamente)&#8221;.<\/p>\n<p style=\"text-align: justify;\">&#8220;Ci\u00f2 non significa che il randagismo a Turi non esista &#8211; prosegue Lavina Orlando &#8211; sappiamo esserci alcuni branchi di cani randagi (parte dei quali gi\u00e0 sterilizzati), che stanziano quasi ed esclusivamente in campagna, oltre ad alcuni cani &#8220;singoli&#8221; che vagano anche in paese (nessuno dei quali risulta essere pericoloso). Fermo restando che accalappiare uno o pi\u00f9 cani e portarli in canile significa accrescere la spesa pubblica, che il canile sanitario non pu\u00f2 ospitare pi\u00f9 di venti cani e che non tutti i cani accalappiati sono adottabili\/vengono adottati, non resta che un lavoro, lento e certosino, che porter\u00e0 i suoi frutti solo se tutti i soggetti interessati continueranno a lavorare in sinergia: il Comune dovr\u00e0 proseguire nel porre in essere tutte le azioni idonee a prevenire il randagismo (contributi per la sterilizzazione, campagne per la microchippatura e controlli) e le associazioni animaliste dovranno andare avanti nell&#8217;opera di sensibilizzazione, recupero dei cani ed adozione&#8221;.<\/p>\n<p style=\"text-align: justify;\">&#8220;Ai cittadini proprietari\/detentori di cani (con particolare riferimento a chi risiede in periferia ed in campagna), anche loro importante parte in causa nella questione, chiedo di sterilizzare i propri cani, approfittando del contributo comunale previsto&#8230; e lo chiedo &#8211; conclude la vicesindaco &#8211; in particolar modo, a coloro che continuano ad abbandonare cucciolate (quando va meno male nei pressi del canile, quando va malissimo altrove).<\/p>\n<p style=\"text-align: justify;\">A tutti i cittadini chiedo tolleranza, perch\u00e9, oggettivamente parlando, non siamo sommersi da cani randagi, senza contare che gli animali presenti (e lo dico da persona che abita in periferia, a ridosso della campagna) non sono minimamente pericolosi.<\/p>\n<p style=\"text-align: justify;\">P.S. Al bandito che ha commesso il reato di cui sopra ed a coloro che lo giustificano (&#8220;perch\u00e9 i randagi rompono&#8221;), vorrei dire tante cose, ma mi autocensuro, per rispetto del ruolo che ricopro (anche perch\u00e9 il cane colpito era docile e talmente abituato ad avere a che fare con gli esseri umani da entrare da solo e spontaneamente nella macchina delle volontarie che l&#8217;hanno soccorso)&#8221;.<\/p>\n","protected":false},"excerpt":{"rendered":"<p><img loading=\"lazy\" decoding=\"async\" src=\"https:\/\/farm5.staticflickr.com\/4771\/38907319790_258aa79637_n.jpg\" alt=\"16864083056_2338abe497_k\" width=\"213\" height=\"320\" \/><\/p>\n","protected":false},"author":1,"featured_media":0,"comment_status":"open","ping_status":"closed","sticky":false,"template":"","format":"standard","meta":{"colormag_page_container_layout":"default_layout","colormag_page_sidebar_layout":"default_layout","footnotes":""},"categories":[7],"tags":[],"class_list":["post-15313","post","type-post","status-publish","format-standard","hentry","category-attualita"],"_links":{"self":[{"href":"https:\/\/archivioturi.lavocedelpaese.info\/index.php\/wp-json\/wp\/v2\/posts\/15313","targetHints":{"allow":["GET"]}}],"collection":[{"href":"https:\/\/archivioturi.lavocedelpaese.info\/index.php\/wp-json\/wp\/v2\/posts"}],"about":[{"href":"https:\/\/archivioturi.lavocedelpaese.info\/index.php\/wp-json\/wp\/v2\/types\/post"}],"author":[{"embeddable":true,"href":"https:\/\/archivioturi.lavocedelpaese.info\/index.php\/wp-json\/wp\/v2\/users\/1"}],"replies":[{"embeddable":true,"href":"https:\/\/archivioturi.lavocedelpaese.info\/index.php\/wp-json\/wp\/v2\/comments?post=15313"}],"version-history":[{"count":0,"href":"https:\/\/archivioturi.lavocedelpaese.info\/index.php\/wp-json\/wp\/v2\/posts\/15313\/revisions"}],"wp:attachment":[{"href":"https:\/\/archivioturi.lavocedelpaese.info\/index.php\/wp-json\/wp\/v2\/media?parent=15313"}],"wp:term":[{"taxonomy":"category","embeddable":true,"href":"https:\/\/archivioturi.lavocedelpaese.info\/index.php\/wp-json\/wp\/v2\/categories?post=15313"},{"taxonomy":"post_tag","embeddable":true,"href":"https:\/\/archivioturi.lavocedelpaese.info\/index.php\/wp-json\/wp\/v2\/tags?post=15313"}],"curies":[{"name":"wp","href":"https:\/\/api.w.org\/{rel}","templated":true}]}}