{"id":15294,"date":"2018-03-07T05:27:01","date_gmt":"2018-03-07T05:27:01","guid":{"rendered":"https:\/\/archivioturi.lavocedelpaese.info\/index.php\/2018\/03\/07\/la-provinciale-delle-qcurve-maledetteq\/"},"modified":"2018-03-07T05:27:01","modified_gmt":"2018-03-07T05:27:01","slug":"la-provinciale-delle-qcurve-maledetteq","status":"publish","type":"post","link":"https:\/\/archivioturi.lavocedelpaese.info\/index.php\/2018\/03\/07\/la-provinciale-delle-qcurve-maledetteq\/","title":{"rendered":"La Provinciale delle &#8220;curve maledette&#8221;"},"content":{"rendered":"<p><img loading=\"lazy\" decoding=\"async\" src=\"https:\/\/farm5.staticflickr.com\/4622\/39891234054_3e3476ca63_n.jpg\" alt=\"L'incidente mortale dell'ottobre 2013\" width=\"320\" height=\"212\" \/><\/p>\n<p style=\"text-align: center;\"><strong>Nonostante la petizione popolare del 2009, gli interventi di messa in sicurezza <br \/>della Turi &#8211; Sammichele non sono mai partiti<\/strong><\/p>\n<p style=\"text-align: center;\"><strong><br \/><\/strong><\/p>\n<p style=\"text-align: justify;\">Dopo aver passato in rassegna le criticit\u00e0 della Turi &#8211; Gioia, questa settimana ci occupiamo della Strada Provinciale 132, che collega il nostro comune con quello di Sammichele di Bari.<\/p>\n<p style=\"text-align: justify;\">Anche per la Provinciale delle &#8220;curve maledette&#8221;, come \u00e8 stata ribattezzata questa arteria, sono note da tempo le problematiche che mettono a rischio l&#8217;incolumit\u00e0 degli automobilisti: l&#8217;asfalto, ormai logoro e disastrato, ogni volta che piove si inzuppa, dal momento che non riesce pi\u00f9 a drenare l&#8217;acqua, con la conseguente mancanza di aderenza del manto stradale. Per non parlare della segnaletica carente e inappropriata, soprattutto a ridosso delle curve pi\u00f9 pericolose.<\/p>\n<p style=\"text-align: justify;\">Il risultato \u00e8 una serie continua di sinistri stradali: le automobili, quasi navigassero su una carambola, slittano e finiscono fuori carreggiata, impattando contro i muretti a secco giacch\u00e9 dei guard-rail non c&#8217;\u00e8 nemmeno l&#8217;ombra. Un combinato disposto che non ha mancato di declinarsi nelle tinte della tragedia: basti ricordare l&#8217;incidente mortale dell&#8217;ottobre 2013, costato la vita al 71enne Giovanni Tedesco. L&#8217;uomo viaggiava a bordo della sua Fiat Panda e si scontr\u00f2 frontalmente con una Fiat Bravo proprio in prossimit\u00e0 di una delle tante &#8220;curve maledette&#8221;.<\/p>\n<p style=\"text-align: justify;\"><strong>La petizione del 2009<\/strong><\/p>\n<p style=\"text-align: justify;\">E pensare che nell&#8217;ottobre di quattro anni prima, l&#8217;ex sindaco Vito Nicola De Grisantis si era fatto promotore di una petizione popolare che poneva come necessaria la messa in sicurezza della Turi &#8211; Sammichele, unitamente alla richiesta di intervento per la SP 172 (la Turi &#8211; Casamassima). Un&#8217;iniziativa che si inscriveva in un disegno pi\u00f9 ampio: puntare sull&#8217;adeguamento delle infrastrutture come requisito fondamentale per lo sviluppo dell&#8217;economia locale, anche alla luce del certosino lavoro di individuazione e delimitazione della cosiddetta zona PIP (Piano degli Insediamenti Produttivi), un&#8217;area in cui sarebbero state localizzare tutte le attivit\u00e0 produttive. Quel progetto curato dall&#8217;amministrazione De Grisantis &#8211; che riusc\u00ec anche ad ottenere un congruo finanziamento regionale pari ad un milione di euro e le istanze di adesione di ventitr\u00e9 imprese &#8211; si \u00e8 poi dileguato con il cambio di guardia a Palazzo di Citt\u00e0: la successiva giunta azzer\u00f2 l&#8217;iter, stabilendo diverse procedure per realizzare una zona industriale a Turi. Ci riferiamo al famoso Project Financing, cui andrebbe dedicato un capitolo a parte; per ora ci limitiamo a costatare che la &#8220;variazione di prospettiva&#8221; non ha sortito l&#8217;effetto sperato, giacch\u00e9 Turi \u00e8 ancora oggi tra i pochi Comuni a non avere un&#8217;area dedicata alle imprese produttive e la zona individuata dalla giunta De Grisantis si \u00e8, nel tempo, trasformata in un &#8220;triste deserto abbandonato&#8221;.<\/p>\n<p style=\"text-align: justify;\">Allo stesso modo furono &#8220;azzerate&#8221; anche le oltre duemila firme raccolte e consegnate nel marzo 2010 all&#8217;allora Presidente della Provincia Schittulli che, a parte un impegno verbale ed una lettera d&#8217;intenti tanto diplomatica quanto vaga, non pose mai all&#8217;ordine del giorno la vicenda.<\/p>\n<p style=\"text-align: justify;\">Da allora la Turi &#8211; Sammichele continua a mietere vittime, complice l&#8217;inerzia che ha caratterizzato la classe dirigente degli ultimi dieci anni.<\/p>\n<p style=\"text-align: right;\"><strong>FD<\/strong><\/p>\n","protected":false},"excerpt":{"rendered":"<p><img loading=\"lazy\" decoding=\"async\" src=\"https:\/\/farm5.staticflickr.com\/4622\/39891234054_3e3476ca63_n.jpg\" alt=\"L'incidente mortale dell'ottobre 2013\" width=\"320\" height=\"212\" \/><\/p>\n","protected":false},"author":1,"featured_media":0,"comment_status":"open","ping_status":"closed","sticky":false,"template":"","format":"standard","meta":{"colormag_page_container_layout":"default_layout","colormag_page_sidebar_layout":"default_layout","footnotes":""},"categories":[7],"tags":[],"class_list":["post-15294","post","type-post","status-publish","format-standard","hentry","category-attualita"],"_links":{"self":[{"href":"https:\/\/archivioturi.lavocedelpaese.info\/index.php\/wp-json\/wp\/v2\/posts\/15294","targetHints":{"allow":["GET"]}}],"collection":[{"href":"https:\/\/archivioturi.lavocedelpaese.info\/index.php\/wp-json\/wp\/v2\/posts"}],"about":[{"href":"https:\/\/archivioturi.lavocedelpaese.info\/index.php\/wp-json\/wp\/v2\/types\/post"}],"author":[{"embeddable":true,"href":"https:\/\/archivioturi.lavocedelpaese.info\/index.php\/wp-json\/wp\/v2\/users\/1"}],"replies":[{"embeddable":true,"href":"https:\/\/archivioturi.lavocedelpaese.info\/index.php\/wp-json\/wp\/v2\/comments?post=15294"}],"version-history":[{"count":0,"href":"https:\/\/archivioturi.lavocedelpaese.info\/index.php\/wp-json\/wp\/v2\/posts\/15294\/revisions"}],"wp:attachment":[{"href":"https:\/\/archivioturi.lavocedelpaese.info\/index.php\/wp-json\/wp\/v2\/media?parent=15294"}],"wp:term":[{"taxonomy":"category","embeddable":true,"href":"https:\/\/archivioturi.lavocedelpaese.info\/index.php\/wp-json\/wp\/v2\/categories?post=15294"},{"taxonomy":"post_tag","embeddable":true,"href":"https:\/\/archivioturi.lavocedelpaese.info\/index.php\/wp-json\/wp\/v2\/tags?post=15294"}],"curies":[{"name":"wp","href":"https:\/\/api.w.org\/{rel}","templated":true}]}}