{"id":15267,"date":"2018-02-28T09:12:48","date_gmt":"2018-02-28T09:12:48","guid":{"rendered":"https:\/\/archivioturi.lavocedelpaese.info\/index.php\/2018\/02\/28\/nuovi-progetti-per-turiattiva\/"},"modified":"2018-02-28T09:12:48","modified_gmt":"2018-02-28T09:12:48","slug":"nuovi-progetti-per-turiattiva","status":"publish","type":"post","link":"https:\/\/archivioturi.lavocedelpaese.info\/index.php\/2018\/02\/28\/nuovi-progetti-per-turiattiva\/","title":{"rendered":"Nuovi progetti per TuriAttIVA"},"content":{"rendered":"<p><img loading=\"lazy\" decoding=\"async\" src=\"https:\/\/farm5.staticflickr.com\/4748\/39550579215_8f98d67868_n.jpg\" alt=\"Turiattiva I Love (1)\" width=\"320\" height=\"240\" \/><\/p>\n<p style=\"text-align: justify;\">Si \u00e8 tenuta gioved\u00ec 15 febbraio l\u2019assemblea ordinaria dei soci dell\u2019associazione TuriAttIVA, presso la sala consiliare della \u201cCasa delle Idee\u201d, sede della stessa associazione. Un&#8217;assemblea importante che ha visto la presenza di alcuni ospiti. Il 2018 infatti costituir\u00e0 un anno di svolta per la stessa associazione per una programmazione alla quale si \u00e8 arrivati nel corso dei primi due anni di assestamento.<\/p>\n<p><img loading=\"lazy\" decoding=\"async\" src=\"https:\/\/farm5.staticflickr.com\/4658\/26575862778_18a900e366_n.jpg\" alt=\"Turiattiva I Love (3)\" style=\"margin: 5px; float: right;\" width=\"320\" height=\"180\" \/><\/p>\n<p style=\"text-align: justify;\">Quest&#8217;anno vedr\u00e0 infatti la presenza nella stessa di un responsabile alla comunicazione: Pasqualino Sibilia, titolare della &#8220;Etabeta&#8221; Comunicazioni, che in occasione dell\u2019assemblea dei soci, ha illustrato agli stessi la progettualit\u00e0 a breve e medio termine. Il progetto in questione sar\u00e0 portato avanti avvalendosi dell\u2019aiuto dei ragazzi dell\u2019ITES Sandro Pertini di Turi attraverso il progetto di alternanza scuola lavoro.<\/p>\n<p style=\"text-align: justify;\">Accanto a questa nuova organizzazione interna, il 2018 vedr\u00e0 partire la app I LOVE Turi , che nasce dalla collaborazione con l\u2019associazione &#8220;Castellana Conviene&#8221; di Castellana. La app sar\u00e0 un &#8220;centro commerciale diffuso&#8221; che ognuno di noi avr\u00e0 nel suo smatphone. &#8220;La app permetter\u00e0 di avere una vetrina per i commercianti per farsi conoscere; allo stesso tempo gli utenti avranno tutto l\u2019interesse a rivolgersi alle attivit\u00e0 del territorio presenti sulla app che offriranno punti poi inseriti in una raccolta punti. A breve TuriAttIVA presenter\u00e0 la app a tutte le attivit\u00e0 presenti sul territorio.<\/p>\n<p><img loading=\"lazy\" decoding=\"async\" src=\"https:\/\/farm5.staticflickr.com\/4654\/39736328994_5e82fd4141_n.jpg\" alt=\"Turiattiva I Love (2)\" style=\"margin: 5px; float: left;\" width=\"320\" height=\"180\" \/><\/p>\n<p style=\"text-align: justify;\">&#8220;Sperando in una partecipazione sempre pi\u00f9 ampia da parte delle attivit\u00e0 del territorio, il direttivo dell\u2019associazione ringrazia quanti hanno creduto nel progetto e partecipato all\u2019assemblea del 15&#8221;.<\/p>\n<p style=\"text-align: justify;\">&#8220;Un plauso particolare va ai soci di TuriAttIVA. che ci esortano e ci supportano nel continuare questo progetto che vede nel 2018 un anno di vera e propria svolta per l&#8217;associazione e per Turi, ma un riconoscimento speciale va a tutto il direttivo per la sua caparbiet\u00e0 e spirito sociale in special modo a Stefania Miccolis, Fernanda Di Brindisi, Vito Rossi, Paolo Spinelli, Tommaso Gargano e Maurizio Coppi. Senza di loro nulla sarebbe accaduto&#8230;.Grazie!&#8221;- ha aggiunto al termine dei lavori Albino Malena, presidente dell&#8217;associazione TuriAttIVA.<\/p>\n","protected":false},"excerpt":{"rendered":"<p><img loading=\"lazy\" decoding=\"async\" src=\"https:\/\/farm5.staticflickr.com\/4748\/39550579215_8f98d67868_n.jpg\" alt=\"Turiattiva I Love (1)\" width=\"320\" height=\"240\" \/><\/p>\n","protected":false},"author":1,"featured_media":0,"comment_status":"open","ping_status":"closed","sticky":false,"template":"","format":"standard","meta":{"colormag_page_container_layout":"default_layout","colormag_page_sidebar_layout":"default_layout","footnotes":""},"categories":[7],"tags":[],"class_list":["post-15267","post","type-post","status-publish","format-standard","hentry","category-attualita"],"_links":{"self":[{"href":"https:\/\/archivioturi.lavocedelpaese.info\/index.php\/wp-json\/wp\/v2\/posts\/15267","targetHints":{"allow":["GET"]}}],"collection":[{"href":"https:\/\/archivioturi.lavocedelpaese.info\/index.php\/wp-json\/wp\/v2\/posts"}],"about":[{"href":"https:\/\/archivioturi.lavocedelpaese.info\/index.php\/wp-json\/wp\/v2\/types\/post"}],"author":[{"embeddable":true,"href":"https:\/\/archivioturi.lavocedelpaese.info\/index.php\/wp-json\/wp\/v2\/users\/1"}],"replies":[{"embeddable":true,"href":"https:\/\/archivioturi.lavocedelpaese.info\/index.php\/wp-json\/wp\/v2\/comments?post=15267"}],"version-history":[{"count":0,"href":"https:\/\/archivioturi.lavocedelpaese.info\/index.php\/wp-json\/wp\/v2\/posts\/15267\/revisions"}],"wp:attachment":[{"href":"https:\/\/archivioturi.lavocedelpaese.info\/index.php\/wp-json\/wp\/v2\/media?parent=15267"}],"wp:term":[{"taxonomy":"category","embeddable":true,"href":"https:\/\/archivioturi.lavocedelpaese.info\/index.php\/wp-json\/wp\/v2\/categories?post=15267"},{"taxonomy":"post_tag","embeddable":true,"href":"https:\/\/archivioturi.lavocedelpaese.info\/index.php\/wp-json\/wp\/v2\/tags?post=15267"}],"curies":[{"name":"wp","href":"https:\/\/api.w.org\/{rel}","templated":true}]}}