{"id":15266,"date":"2018-02-28T07:25:38","date_gmt":"2018-02-28T07:25:38","guid":{"rendered":"https:\/\/archivioturi.lavocedelpaese.info\/index.php\/2018\/02\/28\/qtutto-va-ben-madama-la-marchesaq\/"},"modified":"2018-02-28T07:25:38","modified_gmt":"2018-02-28T07:25:38","slug":"qtutto-va-ben-madama-la-marchesaq","status":"publish","type":"post","link":"https:\/\/archivioturi.lavocedelpaese.info\/index.php\/2018\/02\/28\/qtutto-va-ben-madama-la-marchesaq\/","title":{"rendered":"&#8220;Tutto va ben, madama la marchesa&#8221;"},"content":{"rendered":"<p><img loading=\"lazy\" decoding=\"async\" src=\"https:\/\/farm5.staticflickr.com\/4760\/38636358060_8e4ec92467_n.jpg\" alt=\"Mirta Lerede\" width=\"304\" height=\"320\" \/><\/p>\n<p style=\"text-align: center;\"><strong>Per Mirta Lerede, la crisi di maggioranza \u00e8 pi\u00f9 mediatica che effettiva<\/strong><\/p>\n<p style=\"text-align: justify;\">Nonostante le opinioni del popolo (per una che tra l\u2019altro voter\u00e0 per \u2018Potere al Popolo\u2019), la crisi \u00e8 solo \u201cmediatica\u201d. Alcuni esponenti della maggioranza di Turi sembrano fuori dal paese reale. \u00c8 cos\u00ec per Mirta Lerede (Partito di Rifondazione Comunista), che ha accettato di rispondere alle nostre domande.<\/p>\n<p style=\"text-align: justify;\">&nbsp;<\/p>\n<p style=\"text-align: justify;\"><strong>Che ne pensa della crisi di maggioranza?<\/strong><\/p>\n<p style=\"text-align: justify;\">\u201cPenso che la crisi sia pi\u00f9 mediatica che effettiva. Mi spiego: il Sindaco, la giunta ed i consiglieri di maggioranza stanno continuando a lavorare in funzione di raccogliere quante pi\u00f9 occasioni per il nostro paese e di raggiungere quanti pi\u00f9 obiettivi possibili. \u00c8 un peccato che questa considerazione faccia meno notizia di altro&#8230;\u201d.<\/p>\n<p style=\"text-align: justify;\">&nbsp;<\/p>\n<p style=\"text-align: justify;\"><strong>Chi dovrebbe far cadere l&#8217;amministrazione?<\/strong><\/p>\n<p style=\"text-align: justify;\">\u201cRitengo che una domanda cos\u00ec grottesca e surreale non meriti risposta alcuna. Anzich\u00e9 giocare a scommettere su eventuali futuri passi falsi di persone o cose, io punterei sull\u2019impegno costruttivo che l\u2019attuale maggioranza sta mostrando durante questi ultimi mesi. Lavoro reso naturalmente pi\u00f9 ostico da defezioni e \u2018balletti\u2019 e quindi, proprio per questo, ancor pi\u00f9 duro e dettato dalla forte volont\u00e0 di azione proficua e concreta, nonostante i numeri\u201d.<\/p>\n<p style=\"text-align: justify;\">&nbsp;<\/p>\n<p style=\"text-align: justify;\"><strong>Che ne pensa delle ultime dure critiche di Gravinese?<\/strong><\/p>\n<p style=\"text-align: justify;\">\u201cSolitamente noi del Circolo di PRC Turi non amiamo farci catturare dal vortice gossipparo e denso di zizzania che domina la scena dei media locali. Non lo faremo nemmeno questa volta, ci limitiamo solamente a ricordare al Segretario del PD locale l\u2019iter che il suo Partito stesso ha avuto finora all\u2019interno dalla maggioranza turese. Nel maggio 2014 il PD vede sedere in maggioranza una sola consigliera (per altro subentrata a seguito delle dimissioni di un altro consigliere) e il Sindaco Coppi. Gli assetti e gli equilibri cambiano ulteriormente quando, a seguito di un duplice tesseramento, diventano formalmente \u201cdel PD\u201d altri due componenti della vecchia maggioranza. Giungiamo ai tempi contemporanei, dopo il passaggio all\u2019opposizione della consigliera \u201csubentrata\u201d, rimpasti e tanta acqua sotto ai ponti, uno dei due consiglieri\/assessori \u201cpiddino\u201d decide di rimettere tutte le deleghe e dimettersi da tutte le commissioni. I fatti non hanno bisogni di spiegazioni e ulteriori parole. Ci chiediamo solo come, alla luce del rocambolesco e tutt\u2019altro che sereno ruolo che finora il partito renziano ha avuto nella maggioranza turese, il Segretario Gravinese abbia il coraggio di puntare il dito verso gli altri, omettendo di guardare quel che accade tra le mura (e nell\u2019immediato intorno) del suo partito\u201d.<\/p>\n<p style=\"text-align: justify;\">&nbsp;<\/p>\n<p style=\"text-align: justify;\"><strong>Quali sono le problematiche che andrebbero risolte subito?<\/strong><\/p>\n<p style=\"text-align: justify;\">\u201cPenso che la manutenzione straordinaria del manto stradale sia l&#8217;emergenza maggiore del nostro paese. Nel bilancio dello scorso anno, oltre alle ingenti somme previste per le cosiddette &#8220;rappezzature&#8221; si sono impegnati quasi 100.000 \u20ac per sistemare le viabilit\u00e0 vicino a Largo Pozzi e San Giovanni (i lavori inizieranno a breve). Auspico che il bilancio di quest&#8217;anno preveda una somma comunque maggiore da utilizzare per rifare altre viabilit\u00e0, guardando anche alle strade extraurbane. Altra esigenza da affrontare \u00e8 quella della pubblica illuminazione, che sar\u00e0 solo parzialmente risolta grazie al finanziamento di 700.000 \u20ac con cui si convertir\u00e0 l&#8217;impianto con esclusivo riferimento alle zone centrali del paese. Occorre infatti estendere l&#8217;ammodernamento a tutto il paese o, comunque, a zone pi\u00f9 ampie\u201d.<\/p>\n<p style=\"text-align: justify;\">&nbsp;<\/p>\n<p style=\"text-align: justify;\"><strong>Voterete il bilancio favorevolmente?<\/strong><\/p>\n<p style=\"text-align: justify;\">\u201cNon avremo problemi a votare un bilancio che tenga conto di almeno alcune delle nostre istanze, che (almeno con riferimento alle due esposte nella risposta precedente) sono comunque esigenze fatte presenti da molti altri consiglieri di maggioranza e, soprattutto, da cittadine\/i\u201d.<\/p>\n<p style=\"text-align: justify;\">&nbsp;<\/p>\n<p style=\"text-align: justify;\"><strong>Lei chi voter\u00e0 alle prossime elezioni del 4 marzo?<\/strong><\/p>\n<p style=\"text-align: justify;\">\u201cVoter\u00f2, come tutto il collettivo turese di Rifondazione Comunista di Turi, per Potere al Popolo, la lista che unisce centri sociali, associazioni, militanti uniti convintamente dall\u2019antifascismo e dall\u2019anticapitalismo, convinti della necessit\u00e0 di un cambiamento radicale da un\u2019economia della ricchezza di pochi e della povert\u00e0 di molti ad un\u2019economia fondata sulla solidariet\u00e0, il mutualismo, la giustizia sociale. Una lista per riportare in Parlamento la sinistra autentica, quella che non strizza l\u2019occhio alle banche, alle multinazionali che delocalizzano, ma sta dalla parte dei lavoratori\u201d.<\/p>\n<p style=\"text-align: justify;\">&nbsp;<\/p>\n<p style=\"text-align: justify;\"><strong>Quali sono le istanze del territorio?<\/strong><\/p>\n<p style=\"text-align: justify;\">\u201cLe priorit\u00e0 sono lavoro, scuola, sanit\u00e0, fisco. Siamo un paese strano in cui spendiamo troppo per armarci e poco per curarci, in cui si chiede alle famiglie un contributo fintamente volontario per sostenere la spesa delle scuole con la scusa che mancano i fondi, mentre poi spuntano miliardi di euro per salvare le banche degli amici. Proponiamo di abbassare l\u2019orario settimanale di lavoro a 32 ore secondo la logica del lavorare meno e lavorare tutti, passando per portatori di idee superate, poi scopriamo che in Germania l\u2019orario \u00e8 stato gi\u00e0 abbassato a 28 ore settimanali. Vogliamo una scuola pubblica di qualit\u00e0, con classi di 20 alunni al massimo, con docenti gratificati economicamente, una scuola senza alternanza scuola lavoro e senza dirigenti padroni. Vogliamo una fiscalit\u00e0 equa, che si basi sul principio di buon senso secondo cui chi ha poco paghi poco, chi ha molto paghi molto\u201d.<\/p>\n<p style=\"text-align: right;\"><strong>NICOLA TEOFILO<\/strong><\/p>\n","protected":false},"excerpt":{"rendered":"<p><img loading=\"lazy\" decoding=\"async\" src=\"https:\/\/farm5.staticflickr.com\/4760\/38636358060_8e4ec92467_n.jpg\" alt=\"Mirta Lerede\" width=\"304\" height=\"320\" \/><\/p>\n","protected":false},"author":1,"featured_media":0,"comment_status":"open","ping_status":"closed","sticky":false,"template":"","format":"standard","meta":{"colormag_page_container_layout":"default_layout","colormag_page_sidebar_layout":"default_layout","footnotes":""},"categories":[4],"tags":[],"class_list":["post-15266","post","type-post","status-publish","format-standard","hentry","category-politica"],"_links":{"self":[{"href":"https:\/\/archivioturi.lavocedelpaese.info\/index.php\/wp-json\/wp\/v2\/posts\/15266","targetHints":{"allow":["GET"]}}],"collection":[{"href":"https:\/\/archivioturi.lavocedelpaese.info\/index.php\/wp-json\/wp\/v2\/posts"}],"about":[{"href":"https:\/\/archivioturi.lavocedelpaese.info\/index.php\/wp-json\/wp\/v2\/types\/post"}],"author":[{"embeddable":true,"href":"https:\/\/archivioturi.lavocedelpaese.info\/index.php\/wp-json\/wp\/v2\/users\/1"}],"replies":[{"embeddable":true,"href":"https:\/\/archivioturi.lavocedelpaese.info\/index.php\/wp-json\/wp\/v2\/comments?post=15266"}],"version-history":[{"count":0,"href":"https:\/\/archivioturi.lavocedelpaese.info\/index.php\/wp-json\/wp\/v2\/posts\/15266\/revisions"}],"wp:attachment":[{"href":"https:\/\/archivioturi.lavocedelpaese.info\/index.php\/wp-json\/wp\/v2\/media?parent=15266"}],"wp:term":[{"taxonomy":"category","embeddable":true,"href":"https:\/\/archivioturi.lavocedelpaese.info\/index.php\/wp-json\/wp\/v2\/categories?post=15266"},{"taxonomy":"post_tag","embeddable":true,"href":"https:\/\/archivioturi.lavocedelpaese.info\/index.php\/wp-json\/wp\/v2\/tags?post=15266"}],"curies":[{"name":"wp","href":"https:\/\/api.w.org\/{rel}","templated":true}]}}