{"id":15207,"date":"2018-02-11T06:20:04","date_gmt":"2018-02-11T06:20:04","guid":{"rendered":"https:\/\/archivioturi.lavocedelpaese.info\/index.php\/2018\/02\/11\/siamo-antirazzisti-e-fraterni-con-i-migranti\/"},"modified":"2018-02-11T06:20:04","modified_gmt":"2018-02-11T06:20:04","slug":"siamo-antirazzisti-e-fraterni-con-i-migranti","status":"publish","type":"post","link":"https:\/\/archivioturi.lavocedelpaese.info\/index.php\/2018\/02\/11\/siamo-antirazzisti-e-fraterni-con-i-migranti\/","title":{"rendered":"Siamo antirazzisti e fraterni con i migranti"},"content":{"rendered":"<p><img loading=\"lazy\" decoding=\"async\" src=\"https:\/\/farm5.staticflickr.com\/4649\/26303119008_e6b1547282_n.jpg\" alt=\"refugees-welcome\" width=\"320\" height=\"239\" \/><\/p>\n<p style=\"text-align: center;\"><strong>La riflessione di &#8220;Welcome Refugees&#8221; sulla sparatoria a Macerata<\/strong><\/p>\n<p style=\"text-align: justify;\">La sparatoria avvenuta sabato 3 febbraio a Macerata \u00e8 un tentato atto di terrorismo, per le modalit\u00e0 con cui si \u00e8 svolto e per le conseguenze che ha causato alla citt\u00e0. La sua matrice \u00e8 il neofascismo, l&#8217;odio razziale. Lo sparatore \u00e8 stato identificato come Luca Traini, ex candidato per la Lega Nord, vicino alla militanza neofascista, croci celtiche e svastiche tatuate sul braccio e sul volto. Dopo la sparatoria si \u00e8 messa in moto una macchina che ha provato a normalizzare l&#8217;atto violento, a incasellarlo nel gesto folle di un cane sciolto, ha invitato al silenzio.<\/p>\n<p style=\"text-align: justify;\">Chiunque sia impegnato nel contrasto alle nuove destre in Italia sa bene che non si tratta n\u00e9 di un cane sciolto, n\u00e9 di un caso isolato, in quanto le violenze e i pestaggi perpetrati dai militanti di soggetti come Casa Pound Italia e Forza Nuova avvengono da anni nel silenzio assordante dei media e della cittadinanza. Si \u00e8 anche tentato di giustificarlo e comprenderlo collegando la violenza di Traini all&#8217;omicidio di Pamela, sciacallandone e strumentalizzandone la morte.<\/p>\n<p style=\"text-align: justify;\">Cos\u00ec come vorremmo porre la vostra attenzione su la principale dichiarazione dei candidati alla Presidenza del Consiglio. Avrebbero detto: i migranti sono una bomba sociale. A guardare bene, questa frase \u00e8 un no-sense. I migranti, dal canto loro, sono una percentuale molto bassa rispetto ai pi\u00f9 di cinquanta di milioni di italiani; per l&#8217;esattezza gli extra-comunitari in Italia sono il 5,8%. Inoltre, se ci pensiamo, i migranti vivono in una condizione di enorme difficolt\u00e0, e non tutto il Paese ha offerto loro appoggio, lasciando molti di essi in condizioni di solitudine e precariet\u00e0. Sono quindi nella condizione che i migranti di solito vivono, cio\u00e8 quella di essere deboli e soli. Quale sarebbe la bomba? Nelle dichiarazioni di Salvini, appunto quelle circa l&#8217;esistenza di una bomba sociale, a cui ad eco hanno fatto uguale riferimento Berlusconi, Di Maio e Renzi, il termine \u00e8 tutto alla rovescia, cio\u00e8 i migranti sarebbero oltraggiosi per la vita frustrata e angosciata di molti cittadini italiani impoveriti per il semplice fatto di esistere. Cos\u00ec si fomenta odio nei confronti dei migranti e dei poveri che vivono chiedendo aiuto ai margini della citt\u00e0, volendo far valere il decoro su qualsiasi bisogno.<\/p>\n<p style=\"text-align: justify;\">Risale a mercoled\u00ec 7 febbraio la notizia di un blitz di Forza Nuova in un ospedale di Bolzano durante il quale sono stati affissi dei volantini in cui, chiedendo di mancare di cure ai senza tetto e ai migranti, si \u00e8 attaccato il cuore del nostro stato sociale, oltre che il giuramento di Ippocrate.<\/p>\n<p style=\"text-align: justify;\">Abbiamo bisogno di incontrarci con ogni uomo e donna a prescindere dal colore della pelle o dal Paese di provenienza o della religione che professa, ricordandoci che noi siamo gi\u00e0 stati migranti e il trattamento che abbiamo ricevuto non \u00e8 stato gratificante. Abbiamo bisogno di interrogarci sui problemi e i bisogni che abbiamo, consapevoli che ci accomunano anche questi, e consapevoli che qualcuno per proprio interesse cerca gi\u00e0 di dividerci. Possiamo costruire un paese antirazzista, perch\u00e9 \u00e8 gi\u00e0 sulla strada, partendo da quel sentimento di umana solidariet\u00e0 che ci accomuna che abbiamo gi\u00e0 praticato.<\/p>\n<p style=\"text-align: right;\"><strong>Comitato antirazzista &#8220;Welcome Refugees&#8221;<\/strong><\/p>\n","protected":false},"excerpt":{"rendered":"<p><img loading=\"lazy\" decoding=\"async\" src=\"https:\/\/farm5.staticflickr.com\/4649\/26303119008_e6b1547282_n.jpg\" alt=\"refugees-welcome\" width=\"320\" height=\"239\" \/><\/p>\n","protected":false},"author":1,"featured_media":0,"comment_status":"open","ping_status":"closed","sticky":false,"template":"","format":"standard","meta":{"colormag_page_container_layout":"default_layout","colormag_page_sidebar_layout":"default_layout","footnotes":""},"categories":[7],"tags":[],"class_list":["post-15207","post","type-post","status-publish","format-standard","hentry","category-attualita"],"_links":{"self":[{"href":"https:\/\/archivioturi.lavocedelpaese.info\/index.php\/wp-json\/wp\/v2\/posts\/15207","targetHints":{"allow":["GET"]}}],"collection":[{"href":"https:\/\/archivioturi.lavocedelpaese.info\/index.php\/wp-json\/wp\/v2\/posts"}],"about":[{"href":"https:\/\/archivioturi.lavocedelpaese.info\/index.php\/wp-json\/wp\/v2\/types\/post"}],"author":[{"embeddable":true,"href":"https:\/\/archivioturi.lavocedelpaese.info\/index.php\/wp-json\/wp\/v2\/users\/1"}],"replies":[{"embeddable":true,"href":"https:\/\/archivioturi.lavocedelpaese.info\/index.php\/wp-json\/wp\/v2\/comments?post=15207"}],"version-history":[{"count":0,"href":"https:\/\/archivioturi.lavocedelpaese.info\/index.php\/wp-json\/wp\/v2\/posts\/15207\/revisions"}],"wp:attachment":[{"href":"https:\/\/archivioturi.lavocedelpaese.info\/index.php\/wp-json\/wp\/v2\/media?parent=15207"}],"wp:term":[{"taxonomy":"category","embeddable":true,"href":"https:\/\/archivioturi.lavocedelpaese.info\/index.php\/wp-json\/wp\/v2\/categories?post=15207"},{"taxonomy":"post_tag","embeddable":true,"href":"https:\/\/archivioturi.lavocedelpaese.info\/index.php\/wp-json\/wp\/v2\/tags?post=15207"}],"curies":[{"name":"wp","href":"https:\/\/api.w.org\/{rel}","templated":true}]}}