{"id":15171,"date":"2018-01-31T08:18:36","date_gmt":"2018-01-31T08:18:36","guid":{"rendered":"https:\/\/archivioturi.lavocedelpaese.info\/index.php\/2018\/01\/31\/largo-pozzi-abbattuto-albero-a-rischio-caduta\/"},"modified":"2018-01-31T08:18:36","modified_gmt":"2018-01-31T08:18:36","slug":"largo-pozzi-abbattuto-albero-a-rischio-caduta","status":"publish","type":"post","link":"https:\/\/archivioturi.lavocedelpaese.info\/index.php\/2018\/01\/31\/largo-pozzi-abbattuto-albero-a-rischio-caduta\/","title":{"rendered":"Largo Pozzi, abbattuto albero a rischio caduta"},"content":{"rendered":"<p><img loading=\"lazy\" decoding=\"async\" src=\"https:\/\/farm5.staticflickr.com\/4713\/39918056261_6268332bab_n.jpg\" alt=\"Le operazioni di taglio dell'albero (2)\" width=\"180\" height=\"320\" \/><\/p>\n<p style=\"text-align: center;\"><strong>Palmisano: &#8220;Non avevamo altra scelta&#8221;. <br \/>Affidata la gara per la manutenzione del verde pubblico. Turi si arricchir\u00e0 di due nuovi giardini<\/strong><\/p>\n<p style=\"text-align: center;\"><strong><br \/><\/strong><\/p>\n<p style=\"text-align: justify;\">Venerd\u00ec 19 uno degli alberi che incornicia Largo Pozzi \u00e8 stato abbattuto. &#8220;A seguito delle intense folate di vento degli ultimi giorni &#8211; ci spiega l&#8217;assessore Antonello Palmisano &#8211; abbiamo costatato che il fusto del pino in questione aveva subito un improvviso scostamento di circa 15 centimetri. Per quanto sia restio ad operare abbattimenti di alberi, questa volta si trattava di incolumit\u00e0 pubblica e non abbiamo avuto altra scelta&#8221;. Le operazioni sono iniziate fin dalla tarda mattinata di gioved\u00ec, quando la Polizia Locale ha provveduto a transennare l&#8217;area; il giorno dopo una ditta specializzata ha eseguito il taglio dell&#8217;albero a rischio caduta.<\/p>\n<p style=\"text-align: justify;\">Tuttavia, non si tratta dell&#8217;unico pino in condizioni precarie, ci sono almeno altri due alberi il cui tronco appare pericolosamente piegato su un lato. A tal proposito abbiamo chiesto all&#8217;assessore Palmisano se sono in programma azioni di messa in sicurezza dell&#8217;area: &#8220;Per prima cosa verr\u00e0 fatto un censimento di tutte le colture arboree presenti sul nostro territorio e, nell&#8217;immediato, procederemo con le potature. Quanto agli altri pini in Largo Pozzi, non \u00e8 sufficiente il fatto che siano inclinati per pensare di sradicarli: \u00e8 necessario valutare ogni singola situazione. Se il pino si \u00e8 incurvato per cause naturali &#8211; ad esempio per intercettare la luce del sole, facendosi largo tra gli altri alberi &#8211; non sussiste alcun pericolo e, dunque, alcuna ragione per abbatterli. Ad ogni modo, teniamo quotidianamente sotto controllo la situazione e, se si dovessero identificare situazioni di pericolo, interverremo prontamente&#8221;.<\/p>\n<p style=\"text-align: justify;\">Date le tante lamentele per le sconnessioni dei marciapiedi causate dall&#8217;affiorare delle radici, perch\u00e9 non pensare alla sostituzione di quei pini con piante pi\u00f9 compatibili con la pavimentazione stradale? &#8220;Quei pini &#8211; ci fa giustamente notare Palmisano &#8211; se avessero potuto scegliere non avrebbe di certo deciso di sistemarsi in Largo Pozzi o in altre aree urbanizzate del nostro paese. Non possiamo pensare di tagliarli a prescindere, quello che sicuramente possiamo fare \u00e8 valutare una progressiva sostituzione con alberi come lecci, falso pepe e similari&#8221;.<\/p>\n<p style=\"text-align: justify;\">Anche lo stato di salute delle altre aree verdi turesi non \u00e8 impeccabile; solo a titolo d&#8217;esempio, sarebbe necessario il taglio dell&#8217;erba in Villa piuttosto che la sistemazione delle siepi nei vari giardini pubblici. &#8220;Sono sinceramente rammaricato per l&#8217;assenza di manutenzione in questi ultimi mesi. Mi auguro &#8211; prosegue Palmisano &#8211; che i cittadini vogliano accettare le scuse del Comune di Turi per questi mesi in cui non \u00e8 stato possibile provvedere a curare le nostre aree verdi. Purtroppo la convenzione per la manutenzione del verde pubblico \u00e8 scaduta questa estate e la gara utile ad individuare la nuova ditta ha subito alcuni ritardi a causa delle lungaggini burocratiche. Ora la procedura si \u00e8 conclusa ed abbiamo provveduto all&#8217;affidamento, per cui si inizier\u00e0 subito con le potature, il taglio dell&#8217;erba e la sistemazione delle siepi&#8221;.<\/p>\n<p style=\"text-align: justify;\">Un&#8217;ultima notizia che ci viene anticipata dall&#8217;assessore \u00e8 che, a breve, Turi si arricchir\u00e0 di due nuovi giardini, il primo nell&#8217;area dell&#8217;ex ospedale ed il secondo in prossimit\u00e0 di via Ginestre. Entrambi i progetti risultano gi\u00e0 finanziati e sono pronti per entrare nella fase esecutiva.<\/p>\n<p style=\"text-align: right;\"><strong><br \/><\/strong><\/p>\n<p><object width=\"640\" height=\"480\" data=\"https:\/\/www.flickr.com\/apps\/slideshow\/show.swf?v=261948265\" type=\"application\/x-shockwave-flash\"><param name=\"flashvars\" value=\"offsite=true&amp;lang=it-it&amp;page_show_url=%2Fphotos%2F91470992%40N02%2Fsets%2F72157691934421034%2Fshow%2F&amp;page_show_back_url=%2Fphotos%2F91470992%40N02%2Fsets%2F72157691934421034%2F&amp;set_id=72157691934421034&amp;jump_to=0\" \/><param name=\"movie\" value=\"https:\/\/www.flickr.com\/apps\/slideshow\/show.swf?v=261948265\" \/><param name=\"allowFullScreen\" value=\"true\" \/><\/object><\/p>\n","protected":false},"excerpt":{"rendered":"<p><img loading=\"lazy\" decoding=\"async\" src=\"https:\/\/farm5.staticflickr.com\/4713\/39918056261_6268332bab_n.jpg\" alt=\"Le operazioni di taglio dell'albero (2)\" width=\"180\" height=\"320\" \/><\/p>\n","protected":false},"author":1,"featured_media":0,"comment_status":"open","ping_status":"closed","sticky":false,"template":"","format":"standard","meta":{"colormag_page_container_layout":"default_layout","colormag_page_sidebar_layout":"default_layout","footnotes":""},"categories":[7],"tags":[],"class_list":["post-15171","post","type-post","status-publish","format-standard","hentry","category-attualita"],"_links":{"self":[{"href":"https:\/\/archivioturi.lavocedelpaese.info\/index.php\/wp-json\/wp\/v2\/posts\/15171","targetHints":{"allow":["GET"]}}],"collection":[{"href":"https:\/\/archivioturi.lavocedelpaese.info\/index.php\/wp-json\/wp\/v2\/posts"}],"about":[{"href":"https:\/\/archivioturi.lavocedelpaese.info\/index.php\/wp-json\/wp\/v2\/types\/post"}],"author":[{"embeddable":true,"href":"https:\/\/archivioturi.lavocedelpaese.info\/index.php\/wp-json\/wp\/v2\/users\/1"}],"replies":[{"embeddable":true,"href":"https:\/\/archivioturi.lavocedelpaese.info\/index.php\/wp-json\/wp\/v2\/comments?post=15171"}],"version-history":[{"count":0,"href":"https:\/\/archivioturi.lavocedelpaese.info\/index.php\/wp-json\/wp\/v2\/posts\/15171\/revisions"}],"wp:attachment":[{"href":"https:\/\/archivioturi.lavocedelpaese.info\/index.php\/wp-json\/wp\/v2\/media?parent=15171"}],"wp:term":[{"taxonomy":"category","embeddable":true,"href":"https:\/\/archivioturi.lavocedelpaese.info\/index.php\/wp-json\/wp\/v2\/categories?post=15171"},{"taxonomy":"post_tag","embeddable":true,"href":"https:\/\/archivioturi.lavocedelpaese.info\/index.php\/wp-json\/wp\/v2\/tags?post=15171"}],"curies":[{"name":"wp","href":"https:\/\/api.w.org\/{rel}","templated":true}]}}