{"id":15169,"date":"2018-01-31T06:15:07","date_gmt":"2018-01-31T06:15:07","guid":{"rendered":"https:\/\/archivioturi.lavocedelpaese.info\/index.php\/2018\/01\/31\/il-punto-sullamministrazione-coppi\/"},"modified":"2018-01-31T06:15:07","modified_gmt":"2018-01-31T06:15:07","slug":"il-punto-sullamministrazione-coppi","status":"publish","type":"post","link":"https:\/\/archivioturi.lavocedelpaese.info\/index.php\/2018\/01\/31\/il-punto-sullamministrazione-coppi\/","title":{"rendered":"Il punto sull&#8217;Amministrazione Coppi"},"content":{"rendered":"<p><img loading=\"lazy\" decoding=\"async\" src=\"https:\/\/farm5.staticflickr.com\/4717\/39885400102_78c33aa446_n.jpg\" alt=\"Nicola De Grisantis\" width=\"320\" height=\"180\" \/><\/p>\n<p style=\"text-align: center;\"><strong>De Grisantis: &#8220;Risultati non all\u2019altezza delle aspettative dei cittadini&#8221;<\/strong><\/p>\n<p style=\"text-align: justify;\">&#8220;Il sindaco Coppi deve dimettersi. L&#8217;amministrazione \u00e8 allo sbando&#8221;. A torto o a ragione, questo \u00e8 il leitmotiv che, ormai da un paio di anni, si ripete sempre pi\u00f9 insistente dentro e fuori l&#8217;aula consiliare. Per avere una chiave di lettura sulla situazione amministrativa, abbiamo rivolto qualche domanda all&#8217;ex primo cittadino Vito Nicola De Grisantis.<\/p>\n<p style=\"text-align: justify;\">Il risultato \u00e8 stato uno scambio di battute, tanto conciso quanto eloquente, in cui l&#8217;ex sindaco sembra far leva sull&#8217;assunto della responsabilit\u00e0 delle scelte, operate da parte di tutti gli attori politici che calcano le scene dell&#8217;attuale governo cittadino.<\/p>\n<p style=\"text-align: justify;\">Con la dovuta correttezza istituzionale, De Grisantis rifiuta di indugiare nel gioco del &#8220;se io fossi al posto di&#8230;&#8221;. Nessun consiglio paternalistico su cosa sia meglio fare ma solo lapidarie e taglienti considerazioni che, a nostro avviso, delineano un quadro nitido della classe dirigente turese: l&#8217;amministrazione ha tradito la soglia d&#8217;attesa dei cittadini; il Partito Democratico &#8220;coamministra&#8221; e, dunque, \u00e8, nel bene e nel male, parte in causa di un andamento politico altalenante, contrassegnato &#8211; per onore di cronaca &#8211; da &#8220;defezioni&#8221; tra i banchi alla sinistra di Coppi, un travagliato rimpasto di giunta e, da ultimo, dalla mancata convergenza sulla figura del Capogruppo.<\/p>\n<p style=\"text-align: justify;\">Se la maggioranza \u00e8 definita &#8220;granitica nella sua solidit\u00e0&#8221; &#8211; in cui sembrerebbe che nessuno trovi ragioni sufficienti (o forse convenienza?) per dimettersi e decretare la fine della consiliatura &#8211; l&#8217;opposizione, d&#8217;altro canto, nonostante i numeri non cos\u00ec sfavorevoli, stenta ad essere sufficientemente incisiva.<\/p>\n<p style=\"text-align: justify;\"><strong>Da ex sindaco, un suo giudizio sul governo Coppi?<\/strong> <br \/>\u00abMalgrado l\u2019impegno profuso, i risultati dell\u2019attivit\u00e0 amministrativa risultano essere non all\u2019altezza delle aspettative dei cittadini\u00bb.<\/p>\n<p style=\"text-align: justify;\"><strong>Al posto di Coppi si dimetterebbe?<\/strong> <br \/>\u00abDiceva Berlinguer: &#8220;Quando non sai cosa fare, fai quello che devi&#8221;. Ognuno di noi sa sempre quello che deve fare. Ed il Sindaco lo sa. L\u2019ipotesi del \u201cse io fossi al posto di&#8230;\u201d, non esiste. \u00c8 solo pura fantasia\u00bb.<\/p>\n<p style=\"text-align: justify;\"><strong>Quanto incide l&#8217;instabilit\u00e0 della maggioranza sull&#8217;attuazione dei programmi?<\/strong> <br \/>\u00abNormalmente l\u2019instabilit\u00e0 pu\u00f2 essere causa della mancata attuazione dei programmi La maggioranza attuale, invece, \u00e8 granitica nella sua solidit\u00e0\u00bb.<\/p>\n<p style=\"text-align: justify;\"><strong>La questione all&#8217;ordine del giorno \u00e8 l&#8217;assenza del capogruppo. A suo avviso \u00e8 una grave lacuna?<\/strong> <br \/>\u00ab\u00c8 un problema di facile risoluzione\u00bb.<\/p>\n<p style=\"text-align: justify;\"><strong>Condivide il comportamento del Partito Democratico nei confronti dell&#8217;amministrazione?<\/strong> <br \/>\u00abIl Partito Democratico sta coamministrando la nostra comunit\u00e0, quindi?\u00bb<\/p>\n<p style=\"text-align: justify;\"><strong>E dell\u2019opposizione, cosa ne pensa?<\/strong> <br \/>\u00abFa quello che pu\u00f2, meno di quanto deve\u00bb.<\/p>\n","protected":false},"excerpt":{"rendered":"<p><img loading=\"lazy\" decoding=\"async\" src=\"https:\/\/farm5.staticflickr.com\/4717\/39885400102_78c33aa446_n.jpg\" alt=\"Nicola De Grisantis\" width=\"320\" height=\"180\" \/><\/p>\n","protected":false},"author":1,"featured_media":0,"comment_status":"open","ping_status":"closed","sticky":false,"template":"","format":"standard","meta":{"colormag_page_container_layout":"default_layout","colormag_page_sidebar_layout":"default_layout","footnotes":""},"categories":[4],"tags":[],"class_list":["post-15169","post","type-post","status-publish","format-standard","hentry","category-politica"],"_links":{"self":[{"href":"https:\/\/archivioturi.lavocedelpaese.info\/index.php\/wp-json\/wp\/v2\/posts\/15169","targetHints":{"allow":["GET"]}}],"collection":[{"href":"https:\/\/archivioturi.lavocedelpaese.info\/index.php\/wp-json\/wp\/v2\/posts"}],"about":[{"href":"https:\/\/archivioturi.lavocedelpaese.info\/index.php\/wp-json\/wp\/v2\/types\/post"}],"author":[{"embeddable":true,"href":"https:\/\/archivioturi.lavocedelpaese.info\/index.php\/wp-json\/wp\/v2\/users\/1"}],"replies":[{"embeddable":true,"href":"https:\/\/archivioturi.lavocedelpaese.info\/index.php\/wp-json\/wp\/v2\/comments?post=15169"}],"version-history":[{"count":0,"href":"https:\/\/archivioturi.lavocedelpaese.info\/index.php\/wp-json\/wp\/v2\/posts\/15169\/revisions"}],"wp:attachment":[{"href":"https:\/\/archivioturi.lavocedelpaese.info\/index.php\/wp-json\/wp\/v2\/media?parent=15169"}],"wp:term":[{"taxonomy":"category","embeddable":true,"href":"https:\/\/archivioturi.lavocedelpaese.info\/index.php\/wp-json\/wp\/v2\/categories?post=15169"},{"taxonomy":"post_tag","embeddable":true,"href":"https:\/\/archivioturi.lavocedelpaese.info\/index.php\/wp-json\/wp\/v2\/tags?post=15169"}],"curies":[{"name":"wp","href":"https:\/\/api.w.org\/{rel}","templated":true}]}}