{"id":15152,"date":"2018-01-25T08:37:34","date_gmt":"2018-01-25T08:37:34","guid":{"rendered":"https:\/\/archivioturi.lavocedelpaese.info\/index.php\/2018\/01\/25\/niente-maggioranza-e-capogruppo\/"},"modified":"2018-01-25T08:37:34","modified_gmt":"2018-01-25T08:37:34","slug":"niente-maggioranza-e-capogruppo","status":"publish","type":"post","link":"https:\/\/archivioturi.lavocedelpaese.info\/index.php\/2018\/01\/25\/niente-maggioranza-e-capogruppo\/","title":{"rendered":"Niente maggioranza e capogruppo"},"content":{"rendered":"<p><img loading=\"lazy\" decoding=\"async\" src=\"https:\/\/farm5.staticflickr.com\/4649\/39806870891_24c3a2dd87_n.jpg\" alt=\"L'inaugurazione delle sede di Forza Italia Turi\" width=\"240\" height=\"320\" \/><\/p>\n<p><strong><br \/>\n<\/strong><\/p>\n<p style=\"text-align: center;\"><strong>Tundo chiede le dimissioni del sindaco Coppi, che continua a ignorare la situazione<\/strong><\/p>\n<p style=\"text-align: justify;\">C\u2019\u00e8 ancora speranza perch\u00e9 questa amministrazione vada a casa prima della scadenza naturale del mandato. Il consigliere Paolo Tundo ne \u00e8 convinto, e si \u00e8 sfogato ai nostri microfoni subito dopo aver inaugurato la nuova sede di Forza Italia Turi assieme agli amici di partito Mariangela Volpicella, Leo Spada, Michele Boccardi, Sisto e Damascelli.<\/p>\n<p style=\"text-align: justify;\">\u201cNon \u00e8 vero che il capogruppo non serve\u201d \u2013 smentisce la vicesindaco Lavinia Orlando \u2013 \u201cse non riescono a nominarne uno \u00e8 perch\u00e9 sono ormai divisi su tutto, la maggioranza amministrativa prima, e politica dopo, non c\u2019\u00e8 pi\u00f9. Dopo i disastri amministrativi, e dopo aver dimostrato incapacit\u00e0 amministrativa, hanno subito anche un tracollo politico tanto \u00e8 vero che non vanno pi\u00f9 d\u2019accordo tra loro, e vanno in consiglio in seconda convocazione perch\u00e9 non ci sono pi\u00f9 i numeri\u201d.<\/p>\n<p style=\"text-align: justify;\">Tundo sfida il sindaco a presentarsi in prima convocazione al prossimo Consiglio. \u201cVedrete, non lo far\u00e0 perch\u00e9 non hanno i numeri. Questa maggioranza \u00e8 stata bocciata dal Partito Democratico, il partito del sindaco. Solo grazie a Topputi finora \u00e8 rimasta in piedi\u201d.<\/p>\n<p style=\"text-align: justify;\">Intanto, tra buche e cadute, e richieste di risarcimenti danni al comune, il sindaco fa ancora orecchio da mercante, rifiuta le interviste come ha fatto sinora, preferendo comunicati stampa preconfezionati in cui non chiarisce nulla. La strategia per uscire dall\u2019impasse politica gli era stata suggerita tempo fa, quando lo si invitava a dimettersi per poi azzerare tutto e avviare una verifica politica, invece si continua a ignorare il disastro politico e amministrativo.<\/p>\n<p style=\"text-align: justify;\">Questa amministrazione \u00e8 incapace di programmare, ritrovandosi davanti a un muro ormai insormontabile, quello dell\u2019avanzo di amministrazione; l\u2019incapacit\u00e0 di spendere denota questa scarsa programmazione. Forza Italia Turi coglie il momento e si prepara a possibili elezioni.<\/p>\n","protected":false},"excerpt":{"rendered":"<p><img loading=\"lazy\" decoding=\"async\" src=\"https:\/\/farm5.staticflickr.com\/4649\/39806870891_24c3a2dd87_n.jpg\" alt=\"L'inaugurazione delle sede di Forza Italia Turi\" width=\"240\" height=\"320\" \/><\/p>\n<p><strong><\/p>\n","protected":false},"author":1,"featured_media":0,"comment_status":"open","ping_status":"closed","sticky":false,"template":"","format":"standard","meta":{"colormag_page_container_layout":"default_layout","colormag_page_sidebar_layout":"default_layout","footnotes":""},"categories":[4],"tags":[],"class_list":["post-15152","post","type-post","status-publish","format-standard","hentry","category-politica"],"_links":{"self":[{"href":"https:\/\/archivioturi.lavocedelpaese.info\/index.php\/wp-json\/wp\/v2\/posts\/15152","targetHints":{"allow":["GET"]}}],"collection":[{"href":"https:\/\/archivioturi.lavocedelpaese.info\/index.php\/wp-json\/wp\/v2\/posts"}],"about":[{"href":"https:\/\/archivioturi.lavocedelpaese.info\/index.php\/wp-json\/wp\/v2\/types\/post"}],"author":[{"embeddable":true,"href":"https:\/\/archivioturi.lavocedelpaese.info\/index.php\/wp-json\/wp\/v2\/users\/1"}],"replies":[{"embeddable":true,"href":"https:\/\/archivioturi.lavocedelpaese.info\/index.php\/wp-json\/wp\/v2\/comments?post=15152"}],"version-history":[{"count":0,"href":"https:\/\/archivioturi.lavocedelpaese.info\/index.php\/wp-json\/wp\/v2\/posts\/15152\/revisions"}],"wp:attachment":[{"href":"https:\/\/archivioturi.lavocedelpaese.info\/index.php\/wp-json\/wp\/v2\/media?parent=15152"}],"wp:term":[{"taxonomy":"category","embeddable":true,"href":"https:\/\/archivioturi.lavocedelpaese.info\/index.php\/wp-json\/wp\/v2\/categories?post=15152"},{"taxonomy":"post_tag","embeddable":true,"href":"https:\/\/archivioturi.lavocedelpaese.info\/index.php\/wp-json\/wp\/v2\/tags?post=15152"}],"curies":[{"name":"wp","href":"https:\/\/api.w.org\/{rel}","templated":true}]}}