{"id":15148,"date":"2018-01-24T06:31:55","date_gmt":"2018-01-24T06:31:55","guid":{"rendered":"https:\/\/archivioturi.lavocedelpaese.info\/index.php\/2018\/01\/24\/case-popolari-i-complimenti-di-carmine-catalano\/"},"modified":"2018-01-24T06:31:55","modified_gmt":"2018-01-24T06:31:55","slug":"case-popolari-i-complimenti-di-carmine-catalano","status":"publish","type":"post","link":"https:\/\/archivioturi.lavocedelpaese.info\/index.php\/2018\/01\/24\/case-popolari-i-complimenti-di-carmine-catalano\/","title":{"rendered":"Case popolari: i complimenti di Carmine Catalano"},"content":{"rendered":"<p><img loading=\"lazy\" decoding=\"async\" src=\"https:\/\/farm5.staticflickr.com\/4666\/25934458508_ff48aaaf29_n.jpg\" alt=\"Carmine Catalano\" width=\"320\" height=\"214\" \/><\/p>\n<p style=\"text-align: center;\"><strong>\u201cVito Notarnicola \u00e8 stato efficace e determinato\u201d. <\/strong><br \/><strong>E sul convegno dell\u2019ospedale tuona: \u201cVergognatevi!\u201d<\/strong><\/p>\n<p>&nbsp;<\/p>\n<p style=\"text-align: justify;\">Carmine Catalano, del Comitato Cittadino Turi Futura, fa un plauso a Vito Notarnicola per come ha gestito la questione case popolari, e lancia un appello per cambiare il criterio di assegnazione delle stesse.<\/p>\n<p style=\"text-align: justify;\"><strong>Catalano, che ne pensa della questione case popolari?<\/strong><\/p>\n<p style=\"text-align: justify;\">\u201cGentilissimo direttore mi consenta, e ci consenta come Comitato Cittadino Turi Futura, di fare un plauso per la sua determinazione e efficacia al consigliere con delega alle case comunali e popolari, Vito Notarnicola, che in questi tre anni ha messo in moto tutto questo, iniziando dal bando per avere 1 milione e 200 mila euro per 12 alloggi comunali, pi\u00f9 375 mila euro per ristrutturare il vecchio chiostro dei francescani. <br \/>Tutto questo non ha niente a che vedere con la nostra posizione politica, che \u00e8 quella di non essere di parte, ma di elogiare chi pensa al paese e attaccare chi prende in giro i cittadini, trasversalmente senza nessuna posizione partitica. Noi siamo per la concretezza del sistema politico, non per la demagogia o il populismo che tanti politici locali e non fanno quotidianamente sulle spalle dei cittadini italiani. <br \/>In questo caso noi stiamo elogiando la persona, non il partito o la maggioranza di questa amministrazione. <br \/>Inoltre ci teniamo che i cittadini sappiano che il Comitato Cittadino Turi Futura \u00e8 stato il primo a fare pressioni per indire un bando pubblico per una graduatoria per l\u2019assegnazione di case comunali popolari. <br \/>Sul territorio turese, dopo vent&#8217;anni, avendo non pochi problemi con il Commissario prefettizio la dott.ssa Riflesso\u201d.<\/p>\n<p style=\"text-align: justify;\"><strong><br \/><\/strong><\/p>\n<p style=\"text-align: justify;\"><strong>COME SARANNO ASSEGNATE<\/strong><\/p>\n<p style=\"text-align: justify;\">\u201cPremetto che bisogna fare una riflessione per quanto concerne l\u2019assegnazione degli appartamenti in base alla graduatoria, per\u00f2 diciamo che nei prossimi due mesi saranno assegnate le 7 case, ristrutturate con soldi europei pari a 375mila euro, dell\u2019ex chiosco dei francescani.<\/p>\n<p style=\"text-align: justify;\">Le sette case sono state ristrutturate con tutti i criteri, facendo una ristrutturazione capillare, partendo dalla agibilit\u00e0 dell\u2019edificio, finendo con avere un ascensore e l\u2019efficientamento energetico. Per quanto riguarda via Conversano, i tempi sono settembre per finire i lavori, ottobre per assegnarle. I 12 alloggi di via Conversano, dal momento che, come comitato cittadino che si occupa di problematiche socio territoriali , siamo andati a vedere come erano dentro e che materiale hanno usato, possiamo dire con certezza che \u00e8 stato fatto un ottimo lavoro.<\/p>\n<p style=\"text-align: justify;\">Ci sono tutti i criteri che la legge europea ci chiede per alloggi di edilizia pubblica, non sono grandi come metratura, 60 mq per ogni appartamento, ma sono fatti bene.<\/p>\n<p style=\"text-align: justify;\"><strong><br \/><\/strong><\/p>\n<p style=\"text-align: justify;\"><strong>CAMBIATE IL REGOLAMENTO<\/strong><\/p>\n<p style=\"text-align: justify;\">Ora passiamo al problema di come deve avvenire l\u2019assegnazione di questi alloggi, sia quelli dell\u2019ex chiostro dei francescani che quelli di via Conversano, in questo casi noi ci rivolgiamo a Vito Notarnicola, che \u00e8 stato l\u2019artefice di tutto, e al sindaco di Turi, dottor Menino Coppi, che deve essere il garante delle regole, evitando che le assegnazioni siano strumentalizzate nello scontro politico all\u2019interno della maggioranza.<\/p>\n<p style=\"text-align: justify;\">Venendo al regolamento attuale, in una graduatoria ci sono 25 famiglie, ora con questo regolamento c\u2019\u00e8 il rischio concreto che se una famiglia con un nucleo di tre persone \u00e8 prima in graduatoria pu\u00f2 scegliere, indipendentemente da quanto \u00e8 il suo nucleo famigliare, la casa pi\u00f9 grande che c\u2019\u00e8 in quel momento.<\/p>\n<p style=\"text-align: justify;\">Perch\u00e9 il regolamento dice che un nucleo famigliare di tre persone non pu\u00f2 entrare in un appartamento che sia al di sotto del minimo di 55mq, non dice che non pu\u00f2 prendersi un appartamento di 100mq, questo vale per un nucleo famigliare con 1 sola persona, con 2 persone e con un massimo di 3 persone.<\/p>\n<p style=\"text-align: justify;\"><strong><br \/><\/strong><\/p>\n<p style=\"text-align: justify;\"><strong>SPAZI PROPORZIONATI AL NUMERO DI COMPONENTI<\/strong><\/p>\n<p style=\"text-align: justify;\">Noi del Comitato Turi Futura stiamo facendo una battaglia per far s\u00ec che questa amministrazione approvi una delibera comunale dove ci sia un regolamento di un minimo di mq che sono 55, ma che ci sia anche un massimo di mq per quanti componenti ci sono nel nucleo famigliare.<\/p>\n<p style=\"text-align: justify;\">Questo lo stiamo facendo solo perch\u00e9 ci sono alcune famiglie in graduatoria che hanno un nucleo famigliare superiore a 4 persone e rischiano di non avere l\u2019alloggio: gli appartamenti che sono al di sopra dei 70mq sono due, mentre c\u2019\u00e8 un solo appartamento che \u00e8 88mq, i restanti sono tra i 55mq e i 60mq. \u00c8 dunque necessario un regolamento comunale che ponga dei criteri per il massimo di mq.<\/p>\n<p style=\"text-align: justify;\">Caro direttore noi glielo stiamo dicendo a questa amministrazione da circa 18 mesi, ora vogliamo vedere da parte di Vito Notarnicola e da parte del sindaco Coppi una presa d\u2019atto concreta per non creare qualche problema a chi sta in graduatoria e aspetta con ansia il fatidico momento\u201d.<\/p>\n<p style=\"text-align: justify;\"><strong><br \/><\/strong><\/p>\n<p style=\"text-align: justify;\"><strong>OSPEDALE: IL CONVEGNO DI FORZA ITALIA<\/strong><\/p>\n<p style=\"text-align: justify;\"><strong>Il convegno sull&#8217;ospedale le \u00e8 piaciuto? \u00c8 stato un successo di pubblico&#8230;<\/strong><\/p>\n<p style=\"text-align: justify;\">\u201cIl convegno che si \u00e8 svolto a Turi sabato scorso, \u00e8 una vera campagna politica per il 4 marzo. Strumentalizzare l\u2019articolo 32 della Costituzione e prendere in giro i cittadini, ma soprattutto creare un evento per la problematica dell\u2019ospedale Santa Maria Degli Angeli, dove tutti gli addetti ai lavori sanno gi\u00e0 da tempo che quella struttura ospedaliera nel prossimo quinquennio sar\u00e0 chiusa.<\/p>\n<p style=\"text-align: justify;\">Questo non per un motivo di tagli alla sanit\u00e0, questo \u00e8 successo perch\u00e9 la Regione Puglia ha investito sull\u2019Ospedale generale regionale Francesco Miulli, mettendoci una somma elevata di denaro per non far fallire l\u2019ospedale, poi ci aggiungiamo anche che la Regione Puglia investir\u00e0 nell\u2019entroterra di Fasano con un nuovo ospedale, tutto il resto sono chiacchere che solo i politici che sabato pomeriggio si sono messi a fare i clown dicono per fare campagna politica.<\/p>\n<p style=\"text-align: justify;\">Invece noi pensiamo che un argomento scatenante debba essere quello di implementare le strutture ambulatoriale sui territori, mettendo al centro di tutto la prevenzione territoriale.<\/p>\n<p style=\"text-align: justify;\">Infine, il Comitato Cittadino Turi Futura esprime tutto il suo dissenso per parassiti della politica che solo quando ci sono le elezioni si presentano e vogliano cambiare l\u2019Italia. Vergognatevi!\u201d.<\/p>\n","protected":false},"excerpt":{"rendered":"<p><img loading=\"lazy\" decoding=\"async\" src=\"https:\/\/farm5.staticflickr.com\/4666\/25934458508_ff48aaaf29_n.jpg\" alt=\"Carmine Catalano\" width=\"320\" height=\"214\" \/><\/p>\n","protected":false},"author":1,"featured_media":0,"comment_status":"open","ping_status":"closed","sticky":false,"template":"","format":"standard","meta":{"colormag_page_container_layout":"default_layout","colormag_page_sidebar_layout":"default_layout","footnotes":""},"categories":[4],"tags":[],"class_list":["post-15148","post","type-post","status-publish","format-standard","hentry","category-politica"],"_links":{"self":[{"href":"https:\/\/archivioturi.lavocedelpaese.info\/index.php\/wp-json\/wp\/v2\/posts\/15148","targetHints":{"allow":["GET"]}}],"collection":[{"href":"https:\/\/archivioturi.lavocedelpaese.info\/index.php\/wp-json\/wp\/v2\/posts"}],"about":[{"href":"https:\/\/archivioturi.lavocedelpaese.info\/index.php\/wp-json\/wp\/v2\/types\/post"}],"author":[{"embeddable":true,"href":"https:\/\/archivioturi.lavocedelpaese.info\/index.php\/wp-json\/wp\/v2\/users\/1"}],"replies":[{"embeddable":true,"href":"https:\/\/archivioturi.lavocedelpaese.info\/index.php\/wp-json\/wp\/v2\/comments?post=15148"}],"version-history":[{"count":0,"href":"https:\/\/archivioturi.lavocedelpaese.info\/index.php\/wp-json\/wp\/v2\/posts\/15148\/revisions"}],"wp:attachment":[{"href":"https:\/\/archivioturi.lavocedelpaese.info\/index.php\/wp-json\/wp\/v2\/media?parent=15148"}],"wp:term":[{"taxonomy":"category","embeddable":true,"href":"https:\/\/archivioturi.lavocedelpaese.info\/index.php\/wp-json\/wp\/v2\/categories?post=15148"},{"taxonomy":"post_tag","embeddable":true,"href":"https:\/\/archivioturi.lavocedelpaese.info\/index.php\/wp-json\/wp\/v2\/tags?post=15148"}],"curies":[{"name":"wp","href":"https:\/\/api.w.org\/{rel}","templated":true}]}}