{"id":15118,"date":"2018-01-14T06:00:45","date_gmt":"2018-01-14T06:00:45","guid":{"rendered":"https:\/\/archivioturi.lavocedelpaese.info\/index.php\/2018\/01\/14\/parte-la-nuova-stagione-per-la-dof\/"},"modified":"2018-01-14T06:00:45","modified_gmt":"2018-01-14T06:00:45","slug":"parte-la-nuova-stagione-per-la-dof","status":"publish","type":"post","link":"https:\/\/archivioturi.lavocedelpaese.info\/index.php\/2018\/01\/14\/parte-la-nuova-stagione-per-la-dof\/","title":{"rendered":"Parte la nuova stagione per la D.O.F."},"content":{"rendered":"<p><img loading=\"lazy\" decoding=\"async\" src=\"https:\/\/farm5.staticflickr.com\/4627\/39674476011_54f124976f_n.jpg\" alt=\"Dof gennaio 2018\" width=\"320\" height=\"213\" \/><\/p>\n<p style=\"text-align: center;\"><strong>A Marina D\u2019Ugento c\u2019\u00e8 Pierangelo Greco a rappresentarci<\/strong><\/p>\n<p style=\"text-align: justify;\">Domenica 7 gennaio si \u00e8 svolta a Marina di Ugento la 14\u00aa edizione dellaCorsa del Salento, manifestazione di corsa campestre inserita nel circuito regionale di cross. La partecipazione \u00e8 stata numerosa, soprattutto nelle categorie giovanili, ed ha visto il coinvolgimento di rappresentative provenienti da fuori regione, come la forte squadra della Calabria, Cosenza K 42.<\/p>\n<p style=\"text-align: justify;\">Gli atleti sono stati suddivisi in batterie ed alle ore 10 i cronometristi hanno fatto partire la batteria pi\u00f9 competitiva, non solo per la distanza del percorso (4 giri della distanza superiore ciascuno ai due km), ma altres\u00ec per il livello agonistico, considerato che riuniva le categorie juniores, seniores e dalla M 45 in gi\u00f9. La batteria \u00e8 stata vinta dall\u2019atleta NjieNfamara, podista di livello nazionale che ha chiuso con il tempo di 26\u201925\u201d.<\/p>\n<p style=\"text-align: justify;\">La D.O.F. Amatori \u00e8 sempre presente nelle occasioni che contano e ha visto l\u2019esordio agonistico per l\u2019anno 2018, ed altres\u00ec nella categoria M 45, di Greco Pierangelo, che si \u00e8 classificato all\u201911\u00b0posto della sua categoria col tempo di 35\u20193\u201d.<\/p>\n<p style=\"text-align: justify;\">Questa domenica proseguono i cross con la gara di Chiatona e con la D.O.F. sicuramente presente e competitiva.<\/p>\n","protected":false},"excerpt":{"rendered":"<p><img loading=\"lazy\" decoding=\"async\" src=\"https:\/\/farm5.staticflickr.com\/4627\/39674476011_54f124976f_n.jpg\" alt=\"Dof gennaio 2018\" width=\"320\" height=\"213\" \/><\/p>\n","protected":false},"author":1,"featured_media":0,"comment_status":"open","ping_status":"closed","sticky":false,"template":"","format":"standard","meta":{"colormag_page_container_layout":"default_layout","colormag_page_sidebar_layout":"default_layout","footnotes":""},"categories":[5],"tags":[],"class_list":["post-15118","post","type-post","status-publish","format-standard","hentry","category-sport"],"_links":{"self":[{"href":"https:\/\/archivioturi.lavocedelpaese.info\/index.php\/wp-json\/wp\/v2\/posts\/15118","targetHints":{"allow":["GET"]}}],"collection":[{"href":"https:\/\/archivioturi.lavocedelpaese.info\/index.php\/wp-json\/wp\/v2\/posts"}],"about":[{"href":"https:\/\/archivioturi.lavocedelpaese.info\/index.php\/wp-json\/wp\/v2\/types\/post"}],"author":[{"embeddable":true,"href":"https:\/\/archivioturi.lavocedelpaese.info\/index.php\/wp-json\/wp\/v2\/users\/1"}],"replies":[{"embeddable":true,"href":"https:\/\/archivioturi.lavocedelpaese.info\/index.php\/wp-json\/wp\/v2\/comments?post=15118"}],"version-history":[{"count":0,"href":"https:\/\/archivioturi.lavocedelpaese.info\/index.php\/wp-json\/wp\/v2\/posts\/15118\/revisions"}],"wp:attachment":[{"href":"https:\/\/archivioturi.lavocedelpaese.info\/index.php\/wp-json\/wp\/v2\/media?parent=15118"}],"wp:term":[{"taxonomy":"category","embeddable":true,"href":"https:\/\/archivioturi.lavocedelpaese.info\/index.php\/wp-json\/wp\/v2\/categories?post=15118"},{"taxonomy":"post_tag","embeddable":true,"href":"https:\/\/archivioturi.lavocedelpaese.info\/index.php\/wp-json\/wp\/v2\/tags?post=15118"}],"curies":[{"name":"wp","href":"https:\/\/api.w.org\/{rel}","templated":true}]}}