{"id":15114,"date":"2017-12-14T21:57:53","date_gmt":"2017-12-14T21:57:53","guid":{"rendered":"https:\/\/archivioturi.lavocedelpaese.info\/index.php\/2017\/12\/14\/cresce-il-numero-di-minorenni-abbandonati-allinterno-dellauto-la-reazione-del-governo-e-delle-associazioni\/"},"modified":"2017-12-14T21:57:53","modified_gmt":"2017-12-14T21:57:53","slug":"cresce-il-numero-di-minorenni-abbandonati-allinterno-dellauto-la-reazione-del-governo-e-delle-associazioni","status":"publish","type":"post","link":"https:\/\/archivioturi.lavocedelpaese.info\/index.php\/2017\/12\/14\/cresce-il-numero-di-minorenni-abbandonati-allinterno-dellauto-la-reazione-del-governo-e-delle-associazioni\/","title":{"rendered":"Cresce il numero di minorenni abbandonati all\u2019interno dell\u2019auto. La reazione del governo e delle associazioni"},"content":{"rendered":"<p><img decoding=\"async\" style=\"margin: 0px 3px;\" src=\"http:\/\/www.lastampa.it\/rf\/image_lowres\/Pub\/p4\/2017\/04\/14\/Biella\/Foto\/RitagliWeb\/1932588_1492180851-k0OD-U1100228323367674-1024x576%40LaStampa.it.jpg\" alt=\"\" width=\"320\" \/><\/p>\n<p style=\"text-align: justify;\">\u00c8 ancora una volta la cronaca a guidare l\u2019introduzione di nuove regole e di aggiornamenti importanti dal punto di vista tecnologico. Sia durante l\u2019ultima torrida estate che nelle ultime settimane, \u00e8 infatti salito il numero di minorenni abbandonati all\u2019interno delle automobili, ed \u00e8 per questo che qualcosa si \u00e8 mosso all\u2019interno delle stanze del Governo. Qualche mese fa <a href=\"http:\/\/www.ilgiornale.it\/news\/cronache\/seggiolini-anti-abbandono-e-smartphone-nuovo-codice-strada-1425102.html\">la Commissione Trasporti della Camera ha proposto una legge in attesa di approvazione dalla Commissione Bilancio<\/a>, che potrebbe rivoluzionare le abitudini degli automobilisti di tutta Italia. Il disegno prevede l\u2019obbligatoriet\u00e0 di dotazione per tutti i veicoli di un dispositivo di segnalazione acustica che sia in grado di segnalare se all\u2019interno dell\u2019abitacolo siano presenti minorenni e un contestuale inasprimento delle sanzioni pecuniarie per gli automobilisti che continuino ad utilizzare i dispositivi mobili alla guida.<\/p>\n<p class=\"xgmail-msonormal\" style=\"text-align: justify;\">Questa proposta \u00e8 stata redatta dalla Commissione Trasporti sulla base dell\u2019<a href=\"http:\/\/www.huffingtonpost.it\/deborah-dirani\/mai-piu-morti-come-luca-la-battaglia-di-un-papa-che-dimentic_a_22132372\/\">iniziativa nata dal gruppo Facebook \u201cMai pi\u00f9 morti come Luca\u201d,<\/a> in memoria del piccolo piacentino Luca Albanese, deceduto nell\u2019estate del 2013 nell\u2019automobile di famiglia. \u00c8 stato proprio il padre del bambino a far partire la proposta, e a far partire una petizione che ha raccolto oltre 65mila firme nell\u2019intento di rendere obbligatorio, attraverso l\u2019intervento del Parlamento, di un sistema in grado di combattere l\u2019abbandono di minorenni sui sedili delle automobili. Le tragedie avvenute in Italia hanno sensibilizzato fortemente non solo il Governo, ma anche l\u2019opinione pubblica, come gi\u00e0 \u00e8 accaduto oltreoceano. Negli Stati Uniti ogni dieci giorni un minorenne \u00e8 abbandonato in auto, o a causa della scarsa attenzione e di colpevoli dimenticanze di genitori e parenti, oppure a causa della loro scarsa vigilanza che provoca introduzioni involontarie nei veicoli stessi. \u00c8 un fenomeno purtroppo diffuso, che coinvolge per quasi 9 casi su 10 bambini fino a 3 anni d\u2019et\u00e0.<\/p>\n<p class=\"xgmail-msonormal\" style=\"text-align: justify;\">L\u2019introduzione attraverso i canali ufficiali e la proposta ufficiale della Commissione Trasporti arriva per\u00f2 in ritardo rispetto all\u2019aggiornamento \u201ctecnologico\u201d, che non solo <a href=\"https:\/\/www.noicompriamoauto.it\/valutazione-auto-usate\/valore-4-ruote\/\">contribuisce a dare maggior valore alla tua quattro ruote<\/a>, ma influisce in maniera sensibile sulla sicurezza dei passeggeri, soprattutto di quelli pi\u00f9 piccoli e non in grado di riconoscere il pericolo. Sui vari store digitali \u00e8 infatti possibile scaricare alcune applicazioni in grado di inviare notifiche push o di attivare altri segnali allo smartphone dell\u2019automobilista o di altri familiari, ma per gli amanti della sicurezza \u00e8 possibile acquistare dai vari e-commerce di settore anche un dispositivo acustico che rileva la presenza di un seggiolino e di minori all\u2019interno dell\u2019abitacolo, segnalando acusticamente l\u2019eventuale dimenticanza in maniera repentina.<\/p>\n<p class=\"xgmail-msonormal\" style=\"text-align: justify;\">La sicurezza dell\u2019abitacolo \u00e8 al centro anche di una seconda proposta, che per\u00f2 riguarda non solo i minorenni, ma tutti gli \u201cabitanti\u201d della vettura. \u00c8 sempre pi\u00f9 frequente l\u2019utilizzo degli smartphone durante la guida, motivo che ha spinto la Commissione Bilancio a valutare l\u2019inasprimento delle pene. Il nuovo disegno di legge prevede infatti, in caso di definitiva adozione, una multa pi\u00f9 salata, da 322 fino a 1294 euro, con contemporanea introduzione di una sanzione accessoria che preveda la sospensione della patente di guida da 30 a 90 giorni. La violazione della legge riscontrata in recidiva entro i due anni dalla precedente rilevazione prevedrebbe un raddoppiamento sia della sanzione amministrativa, che salirebbe cos\u00ec da un minimo di 694 ad un massimo di 2588 euro, sia di quella accessoria, con la patente sospesa da 60 a 120 giorni.<\/p>\n","protected":false},"excerpt":{"rendered":"<p><img decoding=\"async\" style=\"margin: 0px 3px;\" src=\"http:\/\/www.lastampa.it\/rf\/image_lowres\/Pub\/p4\/2017\/04\/14\/Biella\/Foto\/RitagliWeb\/1932588_1492180851-k0OD-U1100228323367674-1024x576%40LaStampa.it.jpg\" alt=\"\" width=\"320\" \/><\/p>\n","protected":false},"author":1,"featured_media":0,"comment_status":"open","ping_status":"closed","sticky":false,"template":"","format":"standard","meta":{"colormag_page_container_layout":"default_layout","colormag_page_sidebar_layout":"default_layout","footnotes":""},"categories":[8],"tags":[],"class_list":["post-15114","post","type-post","status-publish","format-standard","hentry","category-cronaca"],"_links":{"self":[{"href":"https:\/\/archivioturi.lavocedelpaese.info\/index.php\/wp-json\/wp\/v2\/posts\/15114","targetHints":{"allow":["GET"]}}],"collection":[{"href":"https:\/\/archivioturi.lavocedelpaese.info\/index.php\/wp-json\/wp\/v2\/posts"}],"about":[{"href":"https:\/\/archivioturi.lavocedelpaese.info\/index.php\/wp-json\/wp\/v2\/types\/post"}],"author":[{"embeddable":true,"href":"https:\/\/archivioturi.lavocedelpaese.info\/index.php\/wp-json\/wp\/v2\/users\/1"}],"replies":[{"embeddable":true,"href":"https:\/\/archivioturi.lavocedelpaese.info\/index.php\/wp-json\/wp\/v2\/comments?post=15114"}],"version-history":[{"count":0,"href":"https:\/\/archivioturi.lavocedelpaese.info\/index.php\/wp-json\/wp\/v2\/posts\/15114\/revisions"}],"wp:attachment":[{"href":"https:\/\/archivioturi.lavocedelpaese.info\/index.php\/wp-json\/wp\/v2\/media?parent=15114"}],"wp:term":[{"taxonomy":"category","embeddable":true,"href":"https:\/\/archivioturi.lavocedelpaese.info\/index.php\/wp-json\/wp\/v2\/categories?post=15114"},{"taxonomy":"post_tag","embeddable":true,"href":"https:\/\/archivioturi.lavocedelpaese.info\/index.php\/wp-json\/wp\/v2\/tags?post=15114"}],"curies":[{"name":"wp","href":"https:\/\/api.w.org\/{rel}","templated":true}]}}