{"id":15105,"date":"2017-10-11T05:15:11","date_gmt":"2017-10-11T05:15:11","guid":{"rendered":"https:\/\/archivioturi.lavocedelpaese.info\/index.php\/2017\/10\/11\/anche-a-turi-parte-il-reddito-di-dignita\/"},"modified":"2017-10-11T05:15:11","modified_gmt":"2017-10-11T05:15:11","slug":"anche-a-turi-parte-il-reddito-di-dignita","status":"publish","type":"post","link":"https:\/\/archivioturi.lavocedelpaese.info\/index.php\/2017\/10\/11\/anche-a-turi-parte-il-reddito-di-dignita\/","title":{"rendered":"Anche a Turi parte il Reddito di Dignit\u00e0"},"content":{"rendered":"<p><img loading=\"lazy\" decoding=\"async\" src=\"https:\/\/farm5.staticflickr.com\/4459\/37507101472_0518feb08d_n.jpg\" alt=\"RED_SCHERMATAchiusuraSPOT\" width=\"320\" height=\"288\" \/><\/p>\n<p style=\"text-align: center;\"><strong>Il Comune ha individuato tre progetti destinati a dieci utenti. Al vaglio ulteriori candidature per ampliare i beneficiari della misura<\/strong><\/p>\n<p style=\"text-align: center;\"><strong><br \/><\/strong><\/p>\n<p style=\"text-align: justify;\">Al via in questi giorni la Misura ReD Reddito di Dignit\u00e0 anche a Turi. Una misura di contrasto alla povert\u00e0 e all\u2019esclusione sociale attivata con l\u2019approvazione da parte della Giunta regionale con Delibera n. 928 del 28 giugno 2016.<\/p>\n<p style=\"text-align: justify;\">\u201cUn provvedimento di vero respiro per il welfare non solo a livello regionale, ma anche a livello locale, inteso come sostegno alla povert\u00e0 per ridare dignit\u00e0 a tutti gli individui e ai loro nuclei familiari\u201d, afferma l\u2019Assessore alle Politiche Sociali del Comune di Turi, Giuseppina Caldararo, sottolineando che \u201cnon si tratta di azioni di mera sussidiariet\u00e0, ma piuttosto di un sostegno educante ed inclusivo che prevede nel quotidiano impegno di lavoro l\u2019associarsi di una forma di consapevolezza, di riscatto sociale e di integrazione lavorativa\u201d.<\/p>\n<p style=\"text-align: justify;\">La misura ReD \u00e8 rivolta a tutti coloro che hanno una soglia reddituale e patrimoniale ISEE inferiore a 3.000,00 euro e che pertanto possono essere impiegati per 12 mesi lavorativi in un progetto di tirocinio formativo, con adeguato tutoraggio, che ha come obiettivo l\u2019inserimento lavorativo e sociale.<\/p>\n<p style=\"text-align: justify;\">\u201cPertanto &#8211; prosegue l\u2019Assessore Caldararo &#8211; l\u2019amministrazione ha ritenuto fondamentale aderire e progettare a pi\u00f9 livelli una programmazione che riportasse l\u2019attenzione sull\u2019uguaglianza sociale, sull\u2019inclusione lavorativa e che stabilisse un patto tra Istituzione e cittadini, ovvero tra una forma di aiuto e una di impegno a favore della collettivit\u00e0 del territorio turese\u201d.<\/p>\n<p style=\"text-align: justify;\">In quest\u2019ottica \u00e8 stato inteso il provvedimento che ha visto l\u2019Assessorato alle Politiche Sociali &#8211; in collaborazione con il Segretariato Sociale presso l\u2019Ambito territoriale di Gioia del Colle e gli Uffici competenti del Comune di Turi &#8211; individuare tre campi progettuali in cui inquadrare il contributo alla comunit\u00e0 da parte di coloro che, avendo fatto domanda di partecipare al ReD secondo i parametri dettati dalla legge, sono in carico presso i Servizi Sociali. Ci si \u00e8 offerti, pertanto come Ente proponente in cui impiegare unit\u00e0 lavorative in diversi settori partecipando alla manifestazione di interesse del progetto Red.<\/p>\n<div style=\"text-align: justify;\">I progetti individuati per il Comune di Turi sono i seguenti:<\/div>\n<div style=\"text-align: justify;\">1. ESERCIZIO DI URBANITA\u2019, CURA E VALORIZZAZIONE DEL PATRIMONIO PUBBLICO E DEL CIMITERO indirizzato a 6 unit\u00e0;<\/div>\n<div style=\"text-align: justify;\">2. LEGALITA\u2019, AMBIENTALE E STRADALE indirizzato a 2 unit\u00e0;<\/div>\n<div style=\"text-align: justify;\">3. IN COMUNE &#8211; SERVIZI GENERALI indirizzato a 2 unit\u00e0.<\/div>\n<p style=\"text-align: justify;\">\u201cLe procedure di analisi delle domande pervenute presso gli Uffici Competenti e di avvio dei tirocini sono in corso &#8211; aggiunge l\u2019Assessore &#8211; e proseguono parallelamente ad un\u2019opera di sensibilizzazione presso altre Istituzioni, Enti, Imprese affinch\u00e9 aderiscano alla suddetta progettualit\u00e0, ampliando le possibilit\u00e0 di tirocinio sul territorio e di lotta al rischio di isolamento sociale cui sono a rischio numerose famiglie\u201d.<\/p>\n<p style=\"text-align: justify;\">Con tempismo e determinazione ha risposto l\u2019Istituto Comprensivo \u201cResta De Donato Giannini\u201d, il cui Dirigente Scolastico ha partecipato alla manifestazione d\u2019interesse richiedendo ben 12 unit\u00e0, di cui 10 come collaboratori scolastici e 2 unit\u00e0 come supporto agli impiegati amministrativi della segreteria scolastica, con l\u2019auspicio che possano quanto prima giungere ad integrare il personale gi\u00e0 esistente ed arricchire cos\u00ec la possibilit\u00e0 di ampliare l\u2019offerta formativa della scuola, garantendo collaborazione e vigilanza durante le attivit\u00e0 soprattutto pomeridiane.<\/p>\n<p style=\"text-align: justify;\">\u201cSiamo fiduciosi che questo esempio venga seguito presto anche dai privati, dalle piccole e medie imprese, dai commercianti e da tutte quelle aziende che, accogliendo un beneficiario ReD, dimostrino di avere a cuore il futuro della nostra comunit\u00e0 e il benessere sociale che si basa su valori come la dignit\u00e0 della persona, il lavoro e la solidariet\u00e0 &#8211; conclude l\u2019\u2019Assessore alle Politiche Sociali, Giuseppina Caldararo.<\/p>\n","protected":false},"excerpt":{"rendered":"<p><img loading=\"lazy\" decoding=\"async\" src=\"https:\/\/farm5.staticflickr.com\/4459\/37507101472_0518feb08d_n.jpg\" alt=\"RED_SCHERMATAchiusuraSPOT\" width=\"320\" height=\"288\" \/><\/p>\n","protected":false},"author":1,"featured_media":0,"comment_status":"open","ping_status":"closed","sticky":false,"template":"","format":"standard","meta":{"colormag_page_container_layout":"default_layout","colormag_page_sidebar_layout":"default_layout","footnotes":""},"categories":[7],"tags":[],"class_list":["post-15105","post","type-post","status-publish","format-standard","hentry","category-attualita"],"_links":{"self":[{"href":"https:\/\/archivioturi.lavocedelpaese.info\/index.php\/wp-json\/wp\/v2\/posts\/15105","targetHints":{"allow":["GET"]}}],"collection":[{"href":"https:\/\/archivioturi.lavocedelpaese.info\/index.php\/wp-json\/wp\/v2\/posts"}],"about":[{"href":"https:\/\/archivioturi.lavocedelpaese.info\/index.php\/wp-json\/wp\/v2\/types\/post"}],"author":[{"embeddable":true,"href":"https:\/\/archivioturi.lavocedelpaese.info\/index.php\/wp-json\/wp\/v2\/users\/1"}],"replies":[{"embeddable":true,"href":"https:\/\/archivioturi.lavocedelpaese.info\/index.php\/wp-json\/wp\/v2\/comments?post=15105"}],"version-history":[{"count":0,"href":"https:\/\/archivioturi.lavocedelpaese.info\/index.php\/wp-json\/wp\/v2\/posts\/15105\/revisions"}],"wp:attachment":[{"href":"https:\/\/archivioturi.lavocedelpaese.info\/index.php\/wp-json\/wp\/v2\/media?parent=15105"}],"wp:term":[{"taxonomy":"category","embeddable":true,"href":"https:\/\/archivioturi.lavocedelpaese.info\/index.php\/wp-json\/wp\/v2\/categories?post=15105"},{"taxonomy":"post_tag","embeddable":true,"href":"https:\/\/archivioturi.lavocedelpaese.info\/index.php\/wp-json\/wp\/v2\/tags?post=15105"}],"curies":[{"name":"wp","href":"https:\/\/api.w.org\/{rel}","templated":true}]}}