{"id":15100,"date":"2017-10-09T08:00:36","date_gmt":"2017-10-09T08:00:36","guid":{"rendered":"https:\/\/archivioturi.lavocedelpaese.info\/index.php\/2017\/10\/09\/listituto-comprensivo-vola-in-finlandia\/"},"modified":"2017-10-09T08:00:36","modified_gmt":"2017-10-09T08:00:36","slug":"listituto-comprensivo-vola-in-finlandia","status":"publish","type":"post","link":"https:\/\/archivioturi.lavocedelpaese.info\/index.php\/2017\/10\/09\/listituto-comprensivo-vola-in-finlandia\/","title":{"rendered":"L&#8217;Istituto Comprensivo vola in Finlandia"},"content":{"rendered":"<p><img loading=\"lazy\" decoding=\"async\" src=\"https:\/\/farm5.staticflickr.com\/4507\/36868562643_dc00bee832_n.jpg\" alt=\"Erasmus + Turi (3)\" width=\"320\" height=\"240\" \/><\/p>\n<p style=\"text-align: center;\"><strong>Terzo meeting transnazionale del progetto Erasmus+<\/strong><\/p>\n<p style=\"text-align: justify;\">Nei giorni 28 e 29 settembre l\u2019Istituto Comprensivo &#8220;Resta &#8211; De Donato Giannini&#8221; ha partecipato al terzo meeting transnazionale del progetto Erasmus+, intitolato \u201cCode to create new knowledge using programming in Primary School\u201d, presso la \u201cHodjensSkola\u201d di Tenala in Finlandia, coordinato dalla scuola svedese \u201cGlasbergsskolan\u201d di M\u00f6lndal.<\/p>\n<p style=\"text-align: justify;\">Il topic del progetto \u00e8 il coding connesso alla matematica, alla tecnologia e all\u2019arte. In particolare, l\u2019obiettivo principale di questo incontro \u00e8 stato quello di condividere i percorsi inerenti le attivit\u00e0 manuali e pratiche connesse al coding e di formulare un modello di unit\u00e0 di apprendimento da pubblicare sul web come punto di riferimento per tutti quei docenti che si avvicinano per la prima volta al linguaggio del coding.<\/p>\n<p style=\"text-align: justify;\">Al meeting hanno partecipato le docenti Cinzia Maurantonio, Isabella Coppi e Anita D\u2019Onghia, unitamente al Dirigente Scolastico Pasqua Patrizia Savino. La rappresentanza dell\u2019Istituto Comprensivo ha partecipato a seminari, workshop e lezioni aperte di arti pratiche, robotica e tecnologia.<\/p>\n<p style=\"text-align: justify;\">Nello specifico, le docenti coinvolte nel meeting hanno svolto le seguenti attivit\u00e0: visita degli ambienti scolastici; osservazione di lezioni relative al coding connesso alle arti pratiche e manuali (Arts and Crafts); workshop sulla robotica applicata alla didattica; programmazione delle attivit\u00e0 per il quarto ed ultimo incontro transnazionale in Svezia (aprile 2018).<\/p>\n<p><img loading=\"lazy\" decoding=\"async\" src=\"https:\/\/farm5.staticflickr.com\/4449\/36868568463_da4e728c31.jpg\" alt=\"Erasmus + Turi (1)\" style=\"display: block; margin-left: auto; margin-right: auto;\" width=\"500\" height=\"375\" \/><\/p>\n<p><img loading=\"lazy\" decoding=\"async\" src=\"https:\/\/farm5.staticflickr.com\/4493\/36868565283_7271fb9065.jpg\" alt=\"Erasmus + Turi (2)\" style=\"display: block; margin-left: auto; margin-right: auto;\" width=\"500\" height=\"281\" \/><\/p>\n<p><img loading=\"lazy\" decoding=\"async\" src=\"https:\/\/farm5.staticflickr.com\/4507\/36868562643_dc00bee832.jpg\" alt=\"Erasmus + Turi (3)\" style=\"display: block; margin-left: auto; margin-right: auto;\" width=\"500\" height=\"375\" \/><\/p>\n","protected":false},"excerpt":{"rendered":"<p><img loading=\"lazy\" decoding=\"async\" src=\"https:\/\/farm5.staticflickr.com\/4507\/36868562643_dc00bee832_n.jpg\" alt=\"Erasmus + Turi (3)\" width=\"320\" height=\"240\" \/><\/p>\n","protected":false},"author":1,"featured_media":0,"comment_status":"open","ping_status":"closed","sticky":false,"template":"","format":"standard","meta":{"colormag_page_container_layout":"default_layout","colormag_page_sidebar_layout":"default_layout","footnotes":""},"categories":[6],"tags":[],"class_list":["post-15100","post","type-post","status-publish","format-standard","hentry","category-cultura"],"_links":{"self":[{"href":"https:\/\/archivioturi.lavocedelpaese.info\/index.php\/wp-json\/wp\/v2\/posts\/15100","targetHints":{"allow":["GET"]}}],"collection":[{"href":"https:\/\/archivioturi.lavocedelpaese.info\/index.php\/wp-json\/wp\/v2\/posts"}],"about":[{"href":"https:\/\/archivioturi.lavocedelpaese.info\/index.php\/wp-json\/wp\/v2\/types\/post"}],"author":[{"embeddable":true,"href":"https:\/\/archivioturi.lavocedelpaese.info\/index.php\/wp-json\/wp\/v2\/users\/1"}],"replies":[{"embeddable":true,"href":"https:\/\/archivioturi.lavocedelpaese.info\/index.php\/wp-json\/wp\/v2\/comments?post=15100"}],"version-history":[{"count":0,"href":"https:\/\/archivioturi.lavocedelpaese.info\/index.php\/wp-json\/wp\/v2\/posts\/15100\/revisions"}],"wp:attachment":[{"href":"https:\/\/archivioturi.lavocedelpaese.info\/index.php\/wp-json\/wp\/v2\/media?parent=15100"}],"wp:term":[{"taxonomy":"category","embeddable":true,"href":"https:\/\/archivioturi.lavocedelpaese.info\/index.php\/wp-json\/wp\/v2\/categories?post=15100"},{"taxonomy":"post_tag","embeddable":true,"href":"https:\/\/archivioturi.lavocedelpaese.info\/index.php\/wp-json\/wp\/v2\/tags?post=15100"}],"curies":[{"name":"wp","href":"https:\/\/api.w.org\/{rel}","templated":true}]}}