{"id":15090,"date":"2017-10-05T08:15:11","date_gmt":"2017-10-05T08:15:11","guid":{"rendered":"https:\/\/archivioturi.lavocedelpaese.info\/index.php\/2017\/10\/05\/ma-per-il-pd-la-questione-e-ancora-aperta\/"},"modified":"2017-10-05T08:15:11","modified_gmt":"2017-10-05T08:15:11","slug":"ma-per-il-pd-la-questione-e-ancora-aperta","status":"publish","type":"post","link":"https:\/\/archivioturi.lavocedelpaese.info\/index.php\/2017\/10\/05\/ma-per-il-pd-la-questione-e-ancora-aperta\/","title":{"rendered":"Ma per il PD, la questione \u00e8 ancora aperta"},"content":{"rendered":"<p><img loading=\"lazy\" decoding=\"async\" src=\"https:\/\/farm5.staticflickr.com\/4382\/37368583172_d00d800990_n.jpg\" alt=\"Giuseppe Gravinese\" width=\"242\" height=\"320\" \/><\/p>\n<p style=\"text-align: center;\"><strong>Il segretario Gravinese: \u201c\u00c8 evidente che manca coesione <br \/>e certe volte anche il rispetto\u201d<\/strong><\/p>\n<p style=\"text-align: center;\"><strong><br \/><\/strong><\/p>\n<p style=\"text-align: justify;\">Si \u00e8 raggiunto l&#8217;accordo sul ponte di via Conversano? \u201c\u00c8 evidente che la questione \u00e8 ancora aperta\u201d \u2013 risponde invece il segretario del PD Turi.<\/p>\n<p style=\"text-align: justify;\">&nbsp;<\/p>\n<p style=\"text-align: justify;\"><strong>Segretario, la maggioranza \u00e8 divisa ed \u00e8 emerso anche dal Consiglio. Chi ha maggiori responsabilit\u00e0 in questa situazione?<\/strong><\/p>\n<p style=\"text-align: justify;\">\u201cPuntare il dito non \u00e8 mai cosa buona, le responsabilit\u00e0 probabilmente sono di tutti. Certo qualcuno ne ha di pi\u00f9 e qualcuno ne ha di meno. \u00c8 palese che manca coesione e, certe volte, anche rispetto. Speriamo che per il futuro ognuno capisca gli errori e le mancanze al fine di fare bene in primis a se stesso\u201d.<\/p>\n<p style=\"text-align: justify;\">&nbsp;<\/p>\n<p style=\"text-align: justify;\"><strong>Leo Spada sostiene che la colpa sia del PD. E aggiunge che non avete alcun interesse a far cadere l&#8217;amministrazione&#8230;<\/strong><\/p>\n<p style=\"text-align: justify;\">\u201cReplicare a tutte le chiacchiere che si dicono in questi momenti \u00e8 cosa impossibile. Voglio per\u00f2 approfittare, ritenendolo inerente sia per questa che per la sua domanda precedente, per condividere e sottoscrivere un passaggio dell&#8217;intervento in Consiglio comunale del consigliere Camposeo, non quello sul ponte ovviamente ma quello inerente i rapporti fra le persone. La strumentalizzazione politica dell&#8217;avversario la si pu\u00f2 facilmente comprendere ma l&#8217;aggressione fine a se stessa, fatta anche attraverso l&#8217;invenzione di fatti o attraverso l&#8217;utilizzo di termini che esulano dal confronto civile, \u00e8 da censurare senza se e senza ma\u201d.<\/p>\n<p style=\"text-align: justify;\">&nbsp;<\/p>\n<p style=\"text-align: justify;\"><strong>La rotonda in via Casamassima \u00e8 un altro pasticcio. Come intendete risolverlo?<\/strong><\/p>\n<p style=\"text-align: justify;\">\u201cNon \u00e8 un pasticcio. Quella adottata \u00e8 la soluzione tecnica migliore per far fronte a pasticci precedenti questa amministrazione\u201d.<\/p>\n<p style=\"text-align: justify;\">&nbsp;<\/p>\n<p style=\"text-align: justify;\"><strong>Lei sta formando la squadra per il futuro? Da chi \u00e8 composta?<\/strong><\/p>\n<p style=\"text-align: justify;\">\u201c\u00c8 proprio questo il concetto da cambiare e che a Turi \u00e8 fortemente radicato. Avere dei partiti politici che funzionano non solo per eleggere tizio o caio significa poter fare a meno di lavorare sui nomi. Quando anche la nostra Carta Costituzionale affida ai partiti la rappresentanza del popolo lo fa con uno scopo ben preciso, spersonalizzare la politica per parlare di contenuti, ideali e soluzioni condivise. \u00c8 sbagliato ritenere superfluo il ruolo dei partiti, \u00e8 una strada pericolosa ed \u00e8 una strada che almeno nell&#8217;immediato porta ad una conseguenza: dopo le elezioni il cittadino ha pi\u00f9 difficolt\u00e0 a dialogare con gli amministratori. La sezione di un partito serve ad avvicinare la gente alle istituzioni, non mi stancher\u00f2 mai di ribadirlo\u201d.<\/p>\n<p style=\"text-align: justify;\">&nbsp;<\/p>\n<p style=\"text-align: justify;\"><strong>Ritiene che il PD abbia responsabilit\u00e0 su questa gestione politica e amministrativa?<\/strong><\/p>\n<p style=\"text-align: justify;\">\u201cCerto, siamo dentro e certamente ne rispondiamo qualora le cose non dovessero andare per il meglio. Vi \u00e8 da dire, per\u00f2, che il PD sta sottolineando alcuni aspetti sui quali la pensa in maniera opposta rispetto ad altri. Se si decide di andare avanti a prescindere dai suggerimenti del PD, si vedr\u00e0 in seguito chi aveva ragione e chi no e cosa potr\u00e0 poi accadere per le scelte sostenute\u201d.<\/p>\n","protected":false},"excerpt":{"rendered":"<p><img loading=\"lazy\" decoding=\"async\" src=\"https:\/\/farm5.staticflickr.com\/4382\/37368583172_d00d800990_n.jpg\" alt=\"Giuseppe Gravinese\" width=\"242\" height=\"320\" \/><\/p>\n","protected":false},"author":1,"featured_media":0,"comment_status":"open","ping_status":"closed","sticky":false,"template":"","format":"standard","meta":{"colormag_page_container_layout":"default_layout","colormag_page_sidebar_layout":"default_layout","footnotes":""},"categories":[4],"tags":[],"class_list":["post-15090","post","type-post","status-publish","format-standard","hentry","category-politica"],"_links":{"self":[{"href":"https:\/\/archivioturi.lavocedelpaese.info\/index.php\/wp-json\/wp\/v2\/posts\/15090","targetHints":{"allow":["GET"]}}],"collection":[{"href":"https:\/\/archivioturi.lavocedelpaese.info\/index.php\/wp-json\/wp\/v2\/posts"}],"about":[{"href":"https:\/\/archivioturi.lavocedelpaese.info\/index.php\/wp-json\/wp\/v2\/types\/post"}],"author":[{"embeddable":true,"href":"https:\/\/archivioturi.lavocedelpaese.info\/index.php\/wp-json\/wp\/v2\/users\/1"}],"replies":[{"embeddable":true,"href":"https:\/\/archivioturi.lavocedelpaese.info\/index.php\/wp-json\/wp\/v2\/comments?post=15090"}],"version-history":[{"count":0,"href":"https:\/\/archivioturi.lavocedelpaese.info\/index.php\/wp-json\/wp\/v2\/posts\/15090\/revisions"}],"wp:attachment":[{"href":"https:\/\/archivioturi.lavocedelpaese.info\/index.php\/wp-json\/wp\/v2\/media?parent=15090"}],"wp:term":[{"taxonomy":"category","embeddable":true,"href":"https:\/\/archivioturi.lavocedelpaese.info\/index.php\/wp-json\/wp\/v2\/categories?post=15090"},{"taxonomy":"post_tag","embeddable":true,"href":"https:\/\/archivioturi.lavocedelpaese.info\/index.php\/wp-json\/wp\/v2\/tags?post=15090"}],"curies":[{"name":"wp","href":"https:\/\/api.w.org\/{rel}","templated":true}]}}