{"id":15050,"date":"2017-09-20T05:56:34","date_gmt":"2017-09-20T05:56:34","guid":{"rendered":"https:\/\/archivioturi.lavocedelpaese.info\/index.php\/2017\/09\/20\/dosso-artificiale-al-cimitero-a-cosa-serve\/"},"modified":"2017-09-20T05:56:34","modified_gmt":"2017-09-20T05:56:34","slug":"dosso-artificiale-al-cimitero-a-cosa-serve","status":"publish","type":"post","link":"https:\/\/archivioturi.lavocedelpaese.info\/index.php\/2017\/09\/20\/dosso-artificiale-al-cimitero-a-cosa-serve\/","title":{"rendered":"Dosso artificiale al Cimitero. A cosa serve?"},"content":{"rendered":"<p><img loading=\"lazy\" decoding=\"async\" src=\"https:\/\/farm5.staticflickr.com\/4424\/36893467410_e143c5e253_n.jpg\" alt=\"Dosso cimitero Turi - Foto di Mirella D'addabbo\" width=\"238\" height=\"320\" \/><\/p>\n<p style=\"text-align: center;\"><strong>Si continuano a rimandare gli interventi sulle strade realmente pericolose<\/strong><\/p>\n<p style=\"text-align: justify;\">La scelta di installare un dosso artificiale nei pressi del Cimitero comunale ha creato non poche polemiche tra i turesi. Perplessit\u00e0 puntualmente registrate dal gruppo Facebook &#8220;Sei di Turi se&#8221;.<\/p>\n<p style=\"text-align: justify;\">Questo il post originario a partire dal quale si \u00e8 articolato il confronto: &#8220;Non capisco perch\u00e9 lo hanno messo gi\u00f9 al cimitero dove non c&#8217;\u00e8 affluenza di auto che corrono a tutta velocit\u00e0 e non metterli nelle zone periferiche di via Putignano, via Casamassima, via Rutigliano, via Sammichele e via Conversano dove c&#8217;\u00e8 pi\u00f9 alta densit\u00e0 di popolazione fra cui anziani e bambini che giornalmente cercano di attraversare la strada sperando di non essere investiti vista la velocit\u00e0 con cui le auto sfrecciano&#8221;.<\/p>\n<p style=\"text-align: justify;\">&#8220;Sulle strade principali &#8211; precisa una concittadina &#8211; non possono essere installate ci sono le Ambulanze e non possono rallentare o frenare. Magari installare i radar per velocit\u00e0 elevata o autovelox&#8221;.<\/p>\n<p style=\"text-align: justify;\">&#8220;Magari&#8230; ma no lo fanno. Anche due strisce pedonali fosforescenti andrebbero bene. Noi di via Conversano &#8211; replica l&#8217;autrice del post &#8211; abbiamo reclamato da un bel po&#8217; e raccolto firme ma niente si \u00e8 mosso&#8221;.<\/p>\n<p style=\"text-align: justify;\">In sostanza, se per qualcuno l&#8217;utilit\u00e0 dell&#8217;opera \u00e8 quella di far &#8220;rallentare le auto in prossimit\u00e0 dell&#8217;uscita del parcheggio, dove camminano spesso pedoni&#8221;, la maggior parte degli utenti non riesce a comprendere le ragioni ispiratrici del provvedimento ed indica ben altre strade su cui sarebbe prioritario investire in sicurezza.<\/p>\n<p style=\"text-align: right;\"><em><strong>Foto di Mirella D&#8217;addabbo<\/strong><\/em><\/p>\n","protected":false},"excerpt":{"rendered":"<p><img loading=\"lazy\" decoding=\"async\" src=\"https:\/\/farm5.staticflickr.com\/4424\/36893467410_e143c5e253_n.jpg\" alt=\"Dosso cimitero Turi - Foto di Mirella D'addabbo\" width=\"238\" height=\"320\" \/><\/p>\n","protected":false},"author":1,"featured_media":0,"comment_status":"open","ping_status":"closed","sticky":false,"template":"","format":"standard","meta":{"colormag_page_container_layout":"default_layout","colormag_page_sidebar_layout":"default_layout","footnotes":""},"categories":[8],"tags":[],"class_list":["post-15050","post","type-post","status-publish","format-standard","hentry","category-cronaca"],"_links":{"self":[{"href":"https:\/\/archivioturi.lavocedelpaese.info\/index.php\/wp-json\/wp\/v2\/posts\/15050","targetHints":{"allow":["GET"]}}],"collection":[{"href":"https:\/\/archivioturi.lavocedelpaese.info\/index.php\/wp-json\/wp\/v2\/posts"}],"about":[{"href":"https:\/\/archivioturi.lavocedelpaese.info\/index.php\/wp-json\/wp\/v2\/types\/post"}],"author":[{"embeddable":true,"href":"https:\/\/archivioturi.lavocedelpaese.info\/index.php\/wp-json\/wp\/v2\/users\/1"}],"replies":[{"embeddable":true,"href":"https:\/\/archivioturi.lavocedelpaese.info\/index.php\/wp-json\/wp\/v2\/comments?post=15050"}],"version-history":[{"count":0,"href":"https:\/\/archivioturi.lavocedelpaese.info\/index.php\/wp-json\/wp\/v2\/posts\/15050\/revisions"}],"wp:attachment":[{"href":"https:\/\/archivioturi.lavocedelpaese.info\/index.php\/wp-json\/wp\/v2\/media?parent=15050"}],"wp:term":[{"taxonomy":"category","embeddable":true,"href":"https:\/\/archivioturi.lavocedelpaese.info\/index.php\/wp-json\/wp\/v2\/categories?post=15050"},{"taxonomy":"post_tag","embeddable":true,"href":"https:\/\/archivioturi.lavocedelpaese.info\/index.php\/wp-json\/wp\/v2\/tags?post=15050"}],"curies":[{"name":"wp","href":"https:\/\/api.w.org\/{rel}","templated":true}]}}