{"id":15043,"date":"2017-09-17T09:19:00","date_gmt":"2017-09-17T09:19:00","guid":{"rendered":"https:\/\/archivioturi.lavocedelpaese.info\/index.php\/2017\/09\/17\/pellegrinaggio-della-reliquia-di-san-giovanni-paolo-ii\/"},"modified":"2017-09-17T09:19:00","modified_gmt":"2017-09-17T09:19:00","slug":"pellegrinaggio-della-reliquia-di-san-giovanni-paolo-ii","status":"publish","type":"post","link":"https:\/\/archivioturi.lavocedelpaese.info\/index.php\/2017\/09\/17\/pellegrinaggio-della-reliquia-di-san-giovanni-paolo-ii\/","title":{"rendered":"Pellegrinaggio della Reliquia di San Giovanni Paolo II"},"content":{"rendered":"<p><img loading=\"lazy\" decoding=\"async\" src=\"https:\/\/farm5.staticflickr.com\/4338\/37126725851_4e14542f33_n.jpg\" alt=\"La reliquia che sar\u00e0 accolta a Turi\" width=\"319\" height=\"320\" \/><\/p>\n<p style=\"text-align: center;\"><strong>La Parrocchia Maria SS. Ausiliatrice rinnova la comunione di spirito con Papa Wojtyla<\/strong><\/p>\n<p style=\"text-align: center;\"><strong><br \/><\/strong><\/p>\n<p style=\"text-align: justify;\">La comunit\u00e0 parrocchiale di Maria SS. Ausiliatrice e l\u2019intera citt\u00e0 di Turi si preparano ad accogliere le reliquie di San Giovanni Paolo II, uno dei pi\u00f9 autentici testimoni della fede del nostro tempo, con la sua vita e con il suo servizio generoso alla Chiesa. <img loading=\"lazy\" decoding=\"async\" src=\"https:\/\/farm5.staticflickr.com\/4341\/36871334070_df8b194398_n.jpg\" alt=\"San Giovanni Paolo II\" style=\"margin: 5px; float: right;\" width=\"245\" height=\"320\" \/><\/p>\n<p style=\"text-align: justify;\">Giovanni Paolo II ha lasciato un segno indelebile in ciascuno di noi e la presenza delle sue reliquie \u201c\u00e8 motivo di grande gioia e di rendimento di grazie; la sua santit\u00e0 dona speranza e ci spinge a rispondere con sempre maggiore fedelt\u00e0 alla nostra vocazione cristiana\u201d. Tale presenza offrir\u00e0 l\u2019occasione per riflettere sul ruolo che ogni cristiano deve avere per essere autentico testimone di fede con coerenza e senza paura, cos\u00ec come lo fu Giovanni Paolo II.<\/p>\n<p style=\"text-align: justify;\">Si tratta di una reliquia \u201cEx Sanguine\u201c (di sangue) del Santo Giovanni Paolo II donata da Sua Eminenza Stanislaus Card. Dziwisz, Arcivescovo Metropolita di Cracovia, all\u2019Associazione Giovanni Paolo II e Parrocchia Santi Medici di Polignano, in occasione del decennale dell\u2019associazione.<\/p>\n<p style=\"text-align: justify;\">L\u2019evento, inserito all\u2019interno della novena in preparazione alla festa dei Santi Medici e Martiri Cosma e Damiano, di San Pio e del SS. Crocifisso, rappresenter\u00e0 un modo concreto per vivere la comunione spirituale con i santi, guidando tutti alla riscoperta della propria fede.<\/p>\n<p style=\"text-align: justify;\"><strong><br \/><\/strong><\/p>\n<p style=\"text-align: center;\"><strong>PROGRAMMA<\/strong><\/p>\n<p style=\"text-align: justify;\"><strong>Luned\u00ec 18 Settembre<\/strong><\/p>\n<p style=\"text-align: justify;\"><strong>Ore 18.30<\/strong> accoglienza della Reliquia di S. Giovanni Paolo II nel campo dell\u2019Oratorio e breve processione verso la chiesa<\/p>\n<p style=\"text-align: justify;\"><strong>Ore 19.00<\/strong> Santa Messa solenne.<\/p>\n<p style=\"text-align: justify;\"><strong>Ore 20.00<\/strong> Veglia Eucaristica comunitaria.<\/p>\n<p style=\"text-align: justify;\">L\u2019accoglienza di questa Reliquia sar\u00e0 un ulteriore occasione di grazia per tutti noi nonch\u00e9 la possibilit\u00e0 di rivivere la grandissima sensazione di essere abbracciati dalla storia di questo grande Uomo, straordinario Papa e amatissimo Santo.<\/p>\n<p style=\"text-align: justify;\"><strong>INVITIAMO TUTTI A PARTECIPARE<\/strong><\/p>\n","protected":false},"excerpt":{"rendered":"<p><img loading=\"lazy\" decoding=\"async\" src=\"https:\/\/farm5.staticflickr.com\/4338\/37126725851_4e14542f33_n.jpg\" alt=\"La reliquia che sar\u00e0 accolta a Turi\" width=\"319\" height=\"320\" \/><\/p>\n","protected":false},"author":1,"featured_media":0,"comment_status":"open","ping_status":"closed","sticky":false,"template":"","format":"standard","meta":{"colormag_page_container_layout":"default_layout","colormag_page_sidebar_layout":"default_layout","footnotes":""},"categories":[7],"tags":[],"class_list":["post-15043","post","type-post","status-publish","format-standard","hentry","category-attualita"],"_links":{"self":[{"href":"https:\/\/archivioturi.lavocedelpaese.info\/index.php\/wp-json\/wp\/v2\/posts\/15043","targetHints":{"allow":["GET"]}}],"collection":[{"href":"https:\/\/archivioturi.lavocedelpaese.info\/index.php\/wp-json\/wp\/v2\/posts"}],"about":[{"href":"https:\/\/archivioturi.lavocedelpaese.info\/index.php\/wp-json\/wp\/v2\/types\/post"}],"author":[{"embeddable":true,"href":"https:\/\/archivioturi.lavocedelpaese.info\/index.php\/wp-json\/wp\/v2\/users\/1"}],"replies":[{"embeddable":true,"href":"https:\/\/archivioturi.lavocedelpaese.info\/index.php\/wp-json\/wp\/v2\/comments?post=15043"}],"version-history":[{"count":0,"href":"https:\/\/archivioturi.lavocedelpaese.info\/index.php\/wp-json\/wp\/v2\/posts\/15043\/revisions"}],"wp:attachment":[{"href":"https:\/\/archivioturi.lavocedelpaese.info\/index.php\/wp-json\/wp\/v2\/media?parent=15043"}],"wp:term":[{"taxonomy":"category","embeddable":true,"href":"https:\/\/archivioturi.lavocedelpaese.info\/index.php\/wp-json\/wp\/v2\/categories?post=15043"},{"taxonomy":"post_tag","embeddable":true,"href":"https:\/\/archivioturi.lavocedelpaese.info\/index.php\/wp-json\/wp\/v2\/tags?post=15043"}],"curies":[{"name":"wp","href":"https:\/\/api.w.org\/{rel}","templated":true}]}}