{"id":15027,"date":"2017-09-11T09:10:00","date_gmt":"2017-09-11T09:10:00","guid":{"rendered":"https:\/\/archivioturi.lavocedelpaese.info\/index.php\/2017\/09\/11\/i-due-defibrillatori-dimenticati\/"},"modified":"2017-09-11T09:10:00","modified_gmt":"2017-09-11T09:10:00","slug":"i-due-defibrillatori-dimenticati","status":"publish","type":"post","link":"https:\/\/archivioturi.lavocedelpaese.info\/index.php\/2017\/09\/11\/i-due-defibrillatori-dimenticati\/","title":{"rendered":"I due defibrillatori dimenticati"},"content":{"rendered":"<p><img loading=\"lazy\" decoding=\"async\" src=\"https:\/\/farm5.staticflickr.com\/4433\/36316981253_6a8b1e82a4_n.jpg\" alt=\"Leo Spada\" width=\"320\" height=\"136\" \/><\/p>\n<p><strong><br \/>\n<\/strong><\/p>\n<p style=\"text-align: center;\"><strong>Leo Spada sulla sfiducia: \u201cSe la Volpicella vota a sfavore, Coppi non ha pi\u00f9 bisogno del PD\u201d<\/strong><\/p>\n<p style=\"text-align: justify;\">\u201cIl Partito Democratico non sfiducer\u00e0 il sindaco, anche se non ottiene l\u2019avvallo del progetto del ponte\u201d. Questa la profezia di Leo Spada, che aggiunge: \u201cTroveranno una scusa e diranno che si far\u00e0 l\u2019anno prossimo. Tra l\u2019altro sanno gi\u00e0 che i soldi messi quest\u2019anno non potranno essere spesi\u201d.<\/p>\n<p style=\"text-align: justify;\">L\u2019auspicio di Spada \u00e8 che la Volpicella (che dall\u2019opposizione non ha sottoscritto la mozione di sfiducia) si astenga: \u201cSolo cos\u00ec ci sono speranze che il sindaco vada finalmente a casa\u201d.<\/p>\n<p style=\"text-align: justify;\">\u201cMa \u2013 analizza \u2013 se la Volpicella votasse a favore della maggioranza, contro la sfiducia, credo che il Partito Democratico avrebbe i giorni contati; il sindaco a quel punto non avrebbe pi\u00f9 bisogno del voto di Giuseppe Tardi e tirerebbe a campare fino alla primavera prossima\u201d.<\/p>\n<p style=\"text-align: justify;\">Intanto, il sindaco non riesce a mettere d\u2019accordo la maggioranza e tutti attendono col fiato sospeso il 12 settembre pomeriggio, data in cui sar\u00e0 votata la mozione di sfiducia e seguir\u00e0 il comizio delle opposizioni.<\/p>\n<p style=\"text-align: justify;\">&nbsp;<\/p>\n<p style=\"text-align: justify;\"><strong>Defibrillatori dimenticati.<\/strong><\/p>\n<p style=\"text-align: justify;\">Ci sono delle questioni che certificano il distacco dalla cosa pubblica: \u201cDa qualche mese \u2013 fa notare Spada \u2013 a Turi si \u00e8 costituita un\u2019associazione provvisoria di professionisti che autotassandosi volevano fare qualcosa per il paese e hanno pensato di acquistare dei defibrillatori. Il sindaco ha partecipato alla convention dove ha dato l\u2019avvallo. Per\u00f2 c\u2019\u00e8 un problema: il comune di Turi ha due defibrillatori chiusi nell\u2019armadio da ben due anni, dei quali il sindaco sembra non ricordarne l\u2019esistenza\u201d.<\/p>\n<p style=\"text-align: justify;\">Un anno e mezzo fa proprio Leo Spada propose l\u2019installazione di questi defibrillatori avuti in maniera gratuita, gi\u00f9, all\u2019esterno dell\u2019edificio comunale. C\u2019\u00e8 una delibera dell\u2019UTC che non avvall\u00f2 questa proposta. \u00c8 un paradosso, una delle tante cose che dimostrano l\u2019incapacit\u00e0 di un sindaco che c\u2019\u00e8 ma \u00e8 come se non ci fosse. Si disse che pu\u00f2 diventare un\u2019arma se messo nelle mani sbagliate, ma i defibrillatori vanno messi in cassette videosorvegliate con le avvertenze di chi pu\u00f2 e non pu\u00f2 usarli. Gli altri comuni hanno fatto cos\u00ec, perch\u00e9 noi no?<\/p>\n","protected":false},"excerpt":{"rendered":"<p><img loading=\"lazy\" decoding=\"async\" src=\"https:\/\/farm5.staticflickr.com\/4433\/36316981253_6a8b1e82a4_n.jpg\" alt=\"Leo Spada\" width=\"320\" height=\"136\" \/><\/p>\n<p><strong><\/p>\n","protected":false},"author":1,"featured_media":0,"comment_status":"open","ping_status":"closed","sticky":false,"template":"","format":"standard","meta":{"colormag_page_container_layout":"default_layout","colormag_page_sidebar_layout":"default_layout","footnotes":""},"categories":[4],"tags":[],"class_list":["post-15027","post","type-post","status-publish","format-standard","hentry","category-politica"],"_links":{"self":[{"href":"https:\/\/archivioturi.lavocedelpaese.info\/index.php\/wp-json\/wp\/v2\/posts\/15027","targetHints":{"allow":["GET"]}}],"collection":[{"href":"https:\/\/archivioturi.lavocedelpaese.info\/index.php\/wp-json\/wp\/v2\/posts"}],"about":[{"href":"https:\/\/archivioturi.lavocedelpaese.info\/index.php\/wp-json\/wp\/v2\/types\/post"}],"author":[{"embeddable":true,"href":"https:\/\/archivioturi.lavocedelpaese.info\/index.php\/wp-json\/wp\/v2\/users\/1"}],"replies":[{"embeddable":true,"href":"https:\/\/archivioturi.lavocedelpaese.info\/index.php\/wp-json\/wp\/v2\/comments?post=15027"}],"version-history":[{"count":0,"href":"https:\/\/archivioturi.lavocedelpaese.info\/index.php\/wp-json\/wp\/v2\/posts\/15027\/revisions"}],"wp:attachment":[{"href":"https:\/\/archivioturi.lavocedelpaese.info\/index.php\/wp-json\/wp\/v2\/media?parent=15027"}],"wp:term":[{"taxonomy":"category","embeddable":true,"href":"https:\/\/archivioturi.lavocedelpaese.info\/index.php\/wp-json\/wp\/v2\/categories?post=15027"},{"taxonomy":"post_tag","embeddable":true,"href":"https:\/\/archivioturi.lavocedelpaese.info\/index.php\/wp-json\/wp\/v2\/tags?post=15027"}],"curies":[{"name":"wp","href":"https:\/\/api.w.org\/{rel}","templated":true}]}}