{"id":15018,"date":"2017-09-04T15:54:48","date_gmt":"2017-09-04T15:54:48","guid":{"rendered":"https:\/\/archivioturi.lavocedelpaese.info\/index.php\/2017\/09\/04\/complimenti-a-marinuccio\/"},"modified":"2017-09-04T15:54:48","modified_gmt":"2017-09-04T15:54:48","slug":"complimenti-a-marinuccio","status":"publish","type":"post","link":"https:\/\/archivioturi.lavocedelpaese.info\/index.php\/2017\/09\/04\/complimenti-a-marinuccio\/","title":{"rendered":"Complimenti a Marinuccio"},"content":{"rendered":"<p><img loading=\"lazy\" decoding=\"async\" src=\"https:\/\/farm5.staticflickr.com\/4217\/34809026000_9afa349886_n.jpg\" alt=\"Fabio Topputi\" width=\"320\" height=\"212\" \/><\/p>\n<p style=\"text-align: center;\"><strong>Fabio Topputi plaude al presidentissimo. E sulla politica: \u201cConvinceremo la Volpicella\u201d<\/strong><\/p>\n<p style=\"text-align: justify;\">Oltre due settimane di tempo per convincere la consigliera Mariangela Volpicella a condividere la mozione di sfiducia che sar\u00e0 votata in Consiglio comunale il prossimo 12 settembre. Il conto alla rovescia \u00e8 cominciato e il consigliere Fabio Topputi come sempre appare ottimista e possibilista.<\/p>\n<p style=\"text-align: justify;\">\u201cOgnuno \u00e8 libero di fare quello che vuole \u2013 ci confida \u2013 la consigliera Volpicella sostiene che far venire il Commissario prefettizio sarebbe sbagliato\u2026 da una parte \u00e8 vero, ma vedendo come sta amministrando la maggioranza di Coppi, poco e male, forse un Commissario sarebbe meglio\u201d.<\/p>\n<p style=\"text-align: justify;\"><strong>Ma questo \u00e8 un duro colpo per l\u2019opposizione?<\/strong><\/p>\n<p style=\"text-align: justify;\">\u201cMariangela la rispetto, ma non per questo l\u2019opposizione si dovr\u00e0 sgretolare. Sono sicuro che ben presto faremo una opposizione unita e potrebbe votare a favore della mozione\u201d.<\/p>\n<p style=\"text-align: justify;\"><strong><br \/><\/strong><\/p>\n<p style=\"text-align: justify;\"><strong>State intraprendendo un\u2019opera di convincimento?<\/strong><\/p>\n<p style=\"text-align: justify;\">\u201cMa \u00e8 la realt\u00e0 che dovrebbe convincerla\u2026 \u00e8 sotto gli occhi di tutti che l\u2019amministrazione Coppi \u00e8 dannosa per i turesi, chiede molte tasse e non d\u00e0 servizi. Quello di Turi \u00e8 un Comune in stato di confusione da tutti i punti di vista, con Pedone che restituisce le deleghe, il capogruppo Camposeo che si dimette, sarebbe opportuno dimettersi tutti e andare a casa. \u00c8 un fallimento, stanno sempre a cercare di trovare la quadra\u2026 in tre anni e mezzo hanno fatto zero assoluto, che prove pi\u00f9 vogliamo?\u201d.<\/p>\n<p style=\"text-align: justify;\"><strong><br \/><\/strong><\/p>\n<p style=\"text-align: justify;\"><strong>La Volpicella si potrebbe convincere?<\/strong><\/p>\n<p style=\"text-align: justify;\">\u201cSecondo me s\u00ec. Secondo me lei ha voluto solo aspettare. Penso che anche lei sia d\u2019accordo\u2026 non voleva danneggiare la comunit\u00e0 turese col Commissario, ma capir\u00e0 che in questa situazione \u00e8 meglio il Commissario\u201d.<\/p>\n<p style=\"text-align: justify;\"><strong><br \/><\/strong><\/p>\n<p style=\"text-align: justify;\"><strong>La festa di Sant\u2019Oronzo le \u00e8 piaciuta?<\/strong><\/p>\n<p style=\"text-align: justify;\">\u201cSi vede che c\u2019\u00e8 vitalit\u00e0, c\u2019\u00e8 una partecipazione della gente, perch\u00e9 Marinuccio \u00e8 sinonimo di garanzia, competenza, passione. La gente lo sente e respira un\u2019aria di festa. E questo fa bene a Turi e a tutti\u201d.<\/p>\n<p style=\"text-align: justify;\"><strong><br \/><\/strong><\/p>\n<p style=\"text-align: justify;\"><strong>Quali sono stati i cambiamenti rispetto all\u2019anno scorso?<\/strong><\/p>\n<p style=\"text-align: justify;\">\u201cIl paese \u00e8 pi\u00f9 vivo, la cosa bella \u00e8 stata quella di spezzettare la processione e farla passare attraverso altre strade. Poi il busto al carcere e tra i malati e anziani a villa Eden. Le luminarie sono molto belle con quell\u2019effetto tetto\u2026\u201d.<\/p>\n<p style=\"text-align: justify;\"><strong><br \/><\/strong><\/p>\n<p style=\"text-align: justify;\"><strong>L\u2019ex presidente Di Pinto \u00e8 stato pi\u00f9 vittima di se stesso o dell\u2019amministrazione Coppi?<\/strong><\/p>\n<p style=\"text-align: justify;\">\u201cL\u2019amministrazione \u00e8 la stessa, quindi se hai l\u2019equipe e la squadra giusta, se hai il presidente giusto, le cose funzionano. L\u2019amministrazione conta fino a un certo punto. Il capo deve tirare. Anche quando la organizzammo noi non avevamo l\u2019amministrazione favorevole, per\u00f2 abbiamo fatto una festa dignitosa e la gente ci ha premiato contribuendo in modo positivo\u201d.<\/p>\n<p style=\"text-align: justify;\"><strong><br \/><\/strong><\/p>\n<p style=\"text-align: justify;\"><strong>Lei vorrebbe tornare a organizzare la festa?<\/strong><\/p>\n<p style=\"text-align: justify;\">\u201cIo non escludo niente, perch\u00e9 \u00e8 una cosa che mi chiama in causa. Turi \u00e8 un paese che amo. Se si presentano le situazioni e le condizioni, perch\u00e9 no. Bisogna avvicinare le nuove generazioni, per queste motivazioni sarei disposto a organizzarla in prima persona o con altre persone a cui dare una mano\u201d.<\/p>\n","protected":false},"excerpt":{"rendered":"<p><img loading=\"lazy\" decoding=\"async\" src=\"https:\/\/farm5.staticflickr.com\/4217\/34809026000_9afa349886_n.jpg\" alt=\"Fabio Topputi\" width=\"320\" height=\"212\" \/><\/p>\n","protected":false},"author":1,"featured_media":0,"comment_status":"open","ping_status":"closed","sticky":false,"template":"","format":"standard","meta":{"colormag_page_container_layout":"default_layout","colormag_page_sidebar_layout":"default_layout","footnotes":""},"categories":[4],"tags":[],"class_list":["post-15018","post","type-post","status-publish","format-standard","hentry","category-politica"],"_links":{"self":[{"href":"https:\/\/archivioturi.lavocedelpaese.info\/index.php\/wp-json\/wp\/v2\/posts\/15018","targetHints":{"allow":["GET"]}}],"collection":[{"href":"https:\/\/archivioturi.lavocedelpaese.info\/index.php\/wp-json\/wp\/v2\/posts"}],"about":[{"href":"https:\/\/archivioturi.lavocedelpaese.info\/index.php\/wp-json\/wp\/v2\/types\/post"}],"author":[{"embeddable":true,"href":"https:\/\/archivioturi.lavocedelpaese.info\/index.php\/wp-json\/wp\/v2\/users\/1"}],"replies":[{"embeddable":true,"href":"https:\/\/archivioturi.lavocedelpaese.info\/index.php\/wp-json\/wp\/v2\/comments?post=15018"}],"version-history":[{"count":0,"href":"https:\/\/archivioturi.lavocedelpaese.info\/index.php\/wp-json\/wp\/v2\/posts\/15018\/revisions"}],"wp:attachment":[{"href":"https:\/\/archivioturi.lavocedelpaese.info\/index.php\/wp-json\/wp\/v2\/media?parent=15018"}],"wp:term":[{"taxonomy":"category","embeddable":true,"href":"https:\/\/archivioturi.lavocedelpaese.info\/index.php\/wp-json\/wp\/v2\/categories?post=15018"},{"taxonomy":"post_tag","embeddable":true,"href":"https:\/\/archivioturi.lavocedelpaese.info\/index.php\/wp-json\/wp\/v2\/tags?post=15018"}],"curies":[{"name":"wp","href":"https:\/\/api.w.org\/{rel}","templated":true}]}}