{"id":15017,"date":"2017-09-03T07:50:41","date_gmt":"2017-09-03T07:50:41","guid":{"rendered":"https:\/\/archivioturi.lavocedelpaese.info\/index.php\/2017\/09\/03\/la-sfiducia-potrebbe-ricompattare-la-maggioranza\/"},"modified":"2017-09-03T07:50:41","modified_gmt":"2017-09-03T07:50:41","slug":"la-sfiducia-potrebbe-ricompattare-la-maggioranza","status":"publish","type":"post","link":"https:\/\/archivioturi.lavocedelpaese.info\/index.php\/2017\/09\/03\/la-sfiducia-potrebbe-ricompattare-la-maggioranza\/","title":{"rendered":"La sfiducia potrebbe ricompattare la maggioranza"},"content":{"rendered":"<p><img loading=\"lazy\" decoding=\"async\" src=\"https:\/\/farm5.staticflickr.com\/4339\/36801030576_3e4f4721d8_n.jpg\" alt=\"Menino Coppi Sant'Oronzo 2017\" width=\"320\" height=\"213\" \/><\/p>\n<p style=\"text-align: justify;\">La mozione di sfiducia dell\u2019opposizione non \u00e8 stata firmata dalla consigliera Mariangela Volpicella. La sua decisione ha scatenato non poche reazioni di sorpresa da parte dei suoi ex colleghi e amici vicini al centrodestra, come Angelo Palmisano o Graziano Gigantelli, che le hanno risposto a margine del post Facebook giustamente rievocando i fatti del 2 novembre 2013, quando si prefer\u00ec invece un Commissario prefettizio all\u2019allora amministrazione Resta.<\/p>\n<p style=\"text-align: justify;\">A questo punto potrebbero esserci altre verit\u00e0 alla luce della mancata sottoscrizione della mozione. In primis il centrodestra turese non \u00e8 pronto per il governo della citt\u00e0. Soprattutto non ha una identit\u00e0 chiara e definita; i manovratori preferiscono stare alla finestra e forse non \u00e8 arrivato il momento giusto per tagliare la testa a Coppi. Meglio aspettare la scadenza naturale del mandato nel 2019. Nel 2013, quel che restava del centrodestra, si permise il \u201clusso\u201d di andare a casa consegnando il comune al commissariamento; la destra turese si present\u00f2 frammentata all\u2019appuntamento elettorale del 2014 e perse le elezioni.<\/p>\n<p style=\"text-align: justify;\">Gli scenari possibili, dunque, sono almeno tre: 1) il sindaco Coppi si dimette; 2) la maggioranza si rafforza per non andare a casa; 3) almeno due consiglieri della maggioranza votano la sfiducia e l\u2019amministrazione va a casa.<\/p>\n<p style=\"text-align: justify;\">Fatte queste premesse, il problema vero \u00e8 che questo Consiglio comunale non ha una opposizione definita, che pure \u00e8 necessaria per il controllo dell\u2019operato amministrativo. C\u2019\u00e8 pi\u00f9 opposizione interna alla maggioranza, sotto il giogo dei continui \u2018ricatti\u2019 politici. Alla lunga, il centrosinistra tiene (nessuno vuol perdere la poltrona), l\u2019opposizione si divide, non si formano alternative per il futuro, il fenomeno del civismo diventa una maschera per sottrarsi alle dinamiche di un partito, e il paese \u00e8 allo sbando, alle pezze\u2026 alle buche.<\/p>\n<p><img loading=\"lazy\" decoding=\"async\" src=\"https:\/\/farm5.staticflickr.com\/4434\/36817548302_510435acc3_b.jpg\" alt=\"Turi mozione sfiducia 1\" style=\"display: block; margin-left: auto; margin-right: auto;\" width=\"520\" height=\"729\" \/> <img loading=\"lazy\" decoding=\"async\" src=\"https:\/\/farm5.staticflickr.com\/4343\/36152952144_eba0cca149_o.jpg\" alt=\"Turi mozione sfiducia 2\" style=\"display: block; margin-left: auto; margin-right: auto;\" width=\"520\" height=\"553\" \/><\/p>\n","protected":false},"excerpt":{"rendered":"<p><img loading=\"lazy\" decoding=\"async\" src=\"https:\/\/farm5.staticflickr.com\/4339\/36801030576_3e4f4721d8_n.jpg\" alt=\"Menino Coppi Sant'Oronzo 2017\" width=\"320\" height=\"213\" \/><\/p>\n","protected":false},"author":1,"featured_media":0,"comment_status":"open","ping_status":"closed","sticky":false,"template":"","format":"standard","meta":{"colormag_page_container_layout":"default_layout","colormag_page_sidebar_layout":"default_layout","footnotes":""},"categories":[4],"tags":[],"class_list":["post-15017","post","type-post","status-publish","format-standard","hentry","category-politica"],"_links":{"self":[{"href":"https:\/\/archivioturi.lavocedelpaese.info\/index.php\/wp-json\/wp\/v2\/posts\/15017","targetHints":{"allow":["GET"]}}],"collection":[{"href":"https:\/\/archivioturi.lavocedelpaese.info\/index.php\/wp-json\/wp\/v2\/posts"}],"about":[{"href":"https:\/\/archivioturi.lavocedelpaese.info\/index.php\/wp-json\/wp\/v2\/types\/post"}],"author":[{"embeddable":true,"href":"https:\/\/archivioturi.lavocedelpaese.info\/index.php\/wp-json\/wp\/v2\/users\/1"}],"replies":[{"embeddable":true,"href":"https:\/\/archivioturi.lavocedelpaese.info\/index.php\/wp-json\/wp\/v2\/comments?post=15017"}],"version-history":[{"count":0,"href":"https:\/\/archivioturi.lavocedelpaese.info\/index.php\/wp-json\/wp\/v2\/posts\/15017\/revisions"}],"wp:attachment":[{"href":"https:\/\/archivioturi.lavocedelpaese.info\/index.php\/wp-json\/wp\/v2\/media?parent=15017"}],"wp:term":[{"taxonomy":"category","embeddable":true,"href":"https:\/\/archivioturi.lavocedelpaese.info\/index.php\/wp-json\/wp\/v2\/categories?post=15017"},{"taxonomy":"post_tag","embeddable":true,"href":"https:\/\/archivioturi.lavocedelpaese.info\/index.php\/wp-json\/wp\/v2\/tags?post=15017"}],"curies":[{"name":"wp","href":"https:\/\/api.w.org\/{rel}","templated":true}]}}