{"id":15009,"date":"2017-09-02T06:12:09","date_gmt":"2017-09-02T06:12:09","guid":{"rendered":"https:\/\/archivioturi.lavocedelpaese.info\/index.php\/2017\/09\/02\/turi-blindata-festeggia-santoronzo\/"},"modified":"2017-09-02T06:12:09","modified_gmt":"2017-09-02T06:12:09","slug":"turi-blindata-festeggia-santoronzo","status":"publish","type":"post","link":"https:\/\/archivioturi.lavocedelpaese.info\/index.php\/2017\/09\/02\/turi-blindata-festeggia-santoronzo\/","title":{"rendered":"Turi blindata festeggia Sant\u2019Oronzo"},"content":{"rendered":"<p><img loading=\"lazy\" decoding=\"async\" src=\"https:\/\/farm5.staticflickr.com\/4403\/36755657412_8aee3c2dc1_n.jpg\" alt=\"Carro Sant'Oronzo (114)\" width=\"320\" height=\"213\" \/><\/p>\n<p style=\"text-align: center;\"><strong>Altissime le misure di sicurezza antiterrorismo per lo svolgimento della Festa che ha accolto migliaia e miglia di turisti e fedeli<\/strong><\/p>\n<p style=\"text-align: center;\"><strong><br \/><\/strong><\/p>\n<p>L\u2019evento pi\u00f9 atteso dell\u2019anno raggiunge il picco di massima euforia nella serata di sabato 26 agosto con gli avvenimenti pi\u00f9 rilevanti che contraddistinguono la festa di Sant\u2019Oronzo con le antiche e suggestive tradizioni folkloristiche e religiose.<\/p>\n<p>Questo 2017 sar\u00e0 ricordato come l\u2019anno della prevenzione antiterroristica. Prevenire gli attentati come quello di Barcellona della scorsa settimana \u00e8 impossibile, ma si pu\u00f2 certo fare qualcosa per contenere la minaccia. Cos\u00ec, in linea con le principali citt\u00e0 europee, per le arterie principali di Turi che vedevano coinvolti i punti sensibili della festa, sono state erette barriere di cemento con la relativa chiusura al traffico, a partire da largo Pozzi, fin gi\u00f9 a piazza San Giovanni; altri blocchi lungo l\u2019accesso di via Casamassima nei pressi del carcere.<\/p>\n<p>Oltre al piano di sicurezza, secondo le disposizioni del Ministero dell\u2019Interno e della Prefettura, un massiccio impiego di personale (Forze dell\u2019Ordine, Polizia Locale, Protezione Civile, steward, ecc&#8230;) \u00e8 stato impiegato per far s\u00ec che fosse garantita l\u2019incolumit\u00e0 pubblica, mentre per gli esercenti \u00e8 stata vietata la vendita di bibite in vetro e lattina.<\/p>\n<p>Le eccellenti condizioni climatiche hanno permesso la perfetta riuscita del lancio del pallone aerostatico, offerto come da tradizione, dalla ditta Di Venere Giammaria e figli, in una piazza San Giovanni straripante di gente col naso all\u2019ins\u00f9, per seguire il tragitto della mongolfiera nel cielo turese tra il bagliore delle luminarie.<\/p>\n<p>Inizia cos\u00ec la preparazione all\u2019evento pi\u00f9 atteso, che di l\u00ec a poco porter\u00e0 il carro trionfale con la statua di Sant\u2019Oronzo ad attraversare una marea di persone lungo tutto il tragitto storico &#8211; preceduta dalla tradizionale cavalcata e da un gruppo di sbandieratori &#8211; che dal Cappellone di via Rutigliano, porta in via XX settembre, fino al suo arrivo in piazza Orlandi.<\/p>\n<p>Prima del suo arrivo in piazza Orlandi, il carro trionfale trainato da sei mule dell\u2019associazione \u201cMule del Carro di Sant\u2019Oronzo\u201d e trasportante la scalmanata banda di Turi, ha stazionato sotto la mastodontica struttura delle luminarie cos\u00ec da permettere all\u2019arciprete don Giovanni Amodio di tenere il suo discorso di benedizione proprio d\u2019innanzi al Santo Patrono, soffermandosi sull\u2019importanza di condividere la gioia della festa e della fede con gli ammalati, soprattutto con coloro che sono in pericolo di vita, visitati nei giorni precedenti con la statua di Sant\u2019Oronzo, cos\u00ec come i detenuti.<\/p>\n<p>Ha avuto cos\u00ec inizio la feste vera e propria, con l\u2019arrivo del carro in piazza Orlandi, proprio davanti alla cassa armonica con l\u2019orchestra che sfida a suon di note la banda di Turi, sul carro, sotto il tradizionale lancio di palloncini, fiori e fuochi d\u2019artificio.<\/p>\n<p>In questo scenario sono sorti dei cori \u201cda stadio\u201d da parte di un folto gruppo di ragazzi a favore del Presidente Comitato Feste patronali, Giammaria Di Venere, evidentemente emozionato sulla scalinata della cassa armonica con le altre autorit\u00e0.<\/p>\n<p>Il carro resta fermo in piazza Orlandi fino al giorno successivo, dove nella serata di domenica 27 agosto, tramite una particolare manovra, viene fatta scendere la statua di Sant\u2019Oronzo, portata in spalla in un\u2019ultima processione che procede lungo le vie principali di Turi fino a giungere nuovamente nella stessa piazza, prima di essere riportata in Chiesa.<\/p>\n<p>La festa si \u00e8 conclusa ufficialmente luned\u00ec 28 con il concerto presso Largo Marchesale del cantautore Fabrizio Moro con il suo \u201cPace Live Tour 2017\u201d.<\/p>\n<p><object width=\"640\" height=\"480\" data=\"https:\/\/www.flickr.com\/apps\/slideshow\/show.swf?v=261948265\" type=\"application\/x-shockwave-flash\"><param name=\"flashvars\" value=\"offsite=true&amp;lang=it-it&amp;page_show_url=%2Fphotos%2F91470992%40N02%2Fsets%2F72157685451868241%2Fshow%2F&amp;page_show_back_url=%2Fphotos%2F91470992%40N02%2Fsets%2F72157685451868241%2F&amp;set_id=72157685451868241&amp;jump_to=\" \/><param name=\"movie\" value=\"https:\/\/www.flickr.com\/apps\/slideshow\/show.swf?v=261948265\" \/><param name=\"allowFullScreen\" value=\"true\" \/><\/object><\/p>\n","protected":false},"excerpt":{"rendered":"<p><img loading=\"lazy\" decoding=\"async\" src=\"https:\/\/farm5.staticflickr.com\/4403\/36755657412_8aee3c2dc1_n.jpg\" alt=\"Carro Sant'Oronzo (114)\" width=\"320\" height=\"213\" \/><\/p>\n","protected":false},"author":1,"featured_media":0,"comment_status":"open","ping_status":"closed","sticky":false,"template":"","format":"standard","meta":{"colormag_page_container_layout":"default_layout","colormag_page_sidebar_layout":"default_layout","footnotes":""},"categories":[6],"tags":[],"class_list":["post-15009","post","type-post","status-publish","format-standard","hentry","category-cultura"],"_links":{"self":[{"href":"https:\/\/archivioturi.lavocedelpaese.info\/index.php\/wp-json\/wp\/v2\/posts\/15009","targetHints":{"allow":["GET"]}}],"collection":[{"href":"https:\/\/archivioturi.lavocedelpaese.info\/index.php\/wp-json\/wp\/v2\/posts"}],"about":[{"href":"https:\/\/archivioturi.lavocedelpaese.info\/index.php\/wp-json\/wp\/v2\/types\/post"}],"author":[{"embeddable":true,"href":"https:\/\/archivioturi.lavocedelpaese.info\/index.php\/wp-json\/wp\/v2\/users\/1"}],"replies":[{"embeddable":true,"href":"https:\/\/archivioturi.lavocedelpaese.info\/index.php\/wp-json\/wp\/v2\/comments?post=15009"}],"version-history":[{"count":0,"href":"https:\/\/archivioturi.lavocedelpaese.info\/index.php\/wp-json\/wp\/v2\/posts\/15009\/revisions"}],"wp:attachment":[{"href":"https:\/\/archivioturi.lavocedelpaese.info\/index.php\/wp-json\/wp\/v2\/media?parent=15009"}],"wp:term":[{"taxonomy":"category","embeddable":true,"href":"https:\/\/archivioturi.lavocedelpaese.info\/index.php\/wp-json\/wp\/v2\/categories?post=15009"},{"taxonomy":"post_tag","embeddable":true,"href":"https:\/\/archivioturi.lavocedelpaese.info\/index.php\/wp-json\/wp\/v2\/tags?post=15009"}],"curies":[{"name":"wp","href":"https:\/\/api.w.org\/{rel}","templated":true}]}}