{"id":14996,"date":"2017-08-16T08:23:55","date_gmt":"2017-08-16T08:23:55","guid":{"rendered":"https:\/\/archivioturi.lavocedelpaese.info\/index.php\/2017\/08\/16\/ruggiero-e-santoro-nuova-coppia-di-centrali-per-il-turi\/"},"modified":"2017-08-16T08:23:55","modified_gmt":"2017-08-16T08:23:55","slug":"ruggiero-e-santoro-nuova-coppia-di-centrali-per-il-turi","status":"publish","type":"post","link":"https:\/\/archivioturi.lavocedelpaese.info\/index.php\/2017\/08\/16\/ruggiero-e-santoro-nuova-coppia-di-centrali-per-il-turi\/","title":{"rendered":"RUGGIERO E SANTORO NUOVA COPPIA DI CENTRALI PER IL TURI"},"content":{"rendered":"<p><a data-flickr-embed=\"true\" href=\"https:\/\/www.flickr.com\/photos\/91470992@N02\/35794176413\/in\/dateposted-public\/\" title=\"facebook_1502870484600\"><img loading=\"lazy\" decoding=\"async\" src=\"https:\/\/farm5.staticflickr.com\/4332\/35794176413_0b714f09d0_m.jpg\" width=\"180\" height=\"240\" alt=\"facebook_1502870484600\" \/><\/a><a data-flickr-embed=\"true\" href=\"https:\/\/www.flickr.com\/photos\/91470992@N02\/35768109524\/in\/dateposted-public\/\" title=\"facebook_1502870497846\"><img loading=\"lazy\" decoding=\"async\" src=\"https:\/\/farm5.staticflickr.com\/4404\/35768109524_4d614eab29_m.jpg\" width=\"180\" height=\"240\" alt=\"facebook_1502870497846\" \/><\/a><\/p>\n<p class=\"Normale1\" style=\"text-align: justify;\">Cambia volto anche nel reparto centrali l&#8217;Arre&#8217; Formaggi 2017-18.<\/p>\n<p class=\"Normale1\" style=\"text-align: justify;\">Per il posto 3 il Turi \u00e8 riuscito infatti ad assicurarsi le prestazioni del forte centrale Nico Ruggiero, 23enne per 1,93 metri proveniente dall&#8217;Asem Bari di serie B, titolare nelle ultime quattro annate con la squadra del capoluogo pugliese. Ruggiero nativo di San Vito dei Normanni, ha mosso i primi passi da atleta nelle giovanili della sua citt\u00e0 natale, passando poi per tre stagioni all&#8217;Ostuni, dove nel 2011 esordiva in B2 e giungendo nella stagione 2013-14 nelle fila dell&#8217;Asem Bari Volley con la quale dopo due tornei di serie C ha conquistato la serie B che ha disputato da protagonista negli ultimi due campionati.<\/p>\n<p class=\"Normale1\" style=\"text-align: justify;\">Un atleta giovane dunque, ma con un bagaglio d&#8217;esperienza gi\u00e0 ottimo, che andr\u00e0 a ricoprire il ruolo di primo centrale con la nuova maglia del Turi.<\/p>\n<p class=\"Normale1\" style=\"text-align: justify;\">Nel ruolo di secondo centrale, la societ\u00e0 del presidente Domenico D&#8217;Aprile ha scelto invece Raffaele Santoro, 22enne di Mola di Bari, di scuola Materdomini Castellana, dove ha disputato tutta la trafila dei tornei giovanili; sono arrivate poi tre annate col Noicattaro in serie C, proprio con coach Difino in panchina, per poi approdare in B2 due stagioni fa con l&#8217;Asem Bari ed essere protagonista con la maglia del Trivianum Triggiano invece nello scorso torneo di serie C, chiuso con la semifinale playoff.<\/p>\n<p class=\"Normale1\" style=\"text-align: justify;\">Una curiosit\u00e0: per il sesto anno consecutivo Santoro giocher\u00e0 nella stessa squadra di Vito Dellino, l&#8217;opposto scelto dall&#8217;Arr\u00e8 Formaggi Turi per la prossima stagione. &nbsp;<strong><\/strong><\/p>\n","protected":false},"excerpt":{"rendered":"<p><a data-flickr-embed=\"true\" href=\"https:\/\/www.flickr.com\/photos\/91470992@N02\/35794176413\/in\/dateposted-public\/\" title=\"facebook_1502870484600\"><img loading=\"lazy\" decoding=\"async\" src=\"https:\/\/farm5.staticflickr.com\/4332\/35794176413_0b714f09d0_m.jpg\" width=\"180\" height=\"240\" alt=\"facebook_1502870484600\" \/><\/a><a data-flickr-embed=\"true\" href=\"https:\/\/www.flickr.com\/photos\/91470992@N02\/35768109524\/in\/dateposted-public\/\" title=\"facebook_1502870497846\"><img loading=\"lazy\" decoding=\"async\" src=\"https:\/\/farm5.staticflickr.com\/4404\/35768109524_4d614eab29_m.jpg\" width=\"180\" height=\"240\" alt=\"facebook_1502870497846\" \/><\/a><\/p>\n","protected":false},"author":1,"featured_media":0,"comment_status":"open","ping_status":"closed","sticky":false,"template":"","format":"standard","meta":{"colormag_page_container_layout":"default_layout","colormag_page_sidebar_layout":"default_layout","footnotes":""},"categories":[5],"tags":[],"class_list":["post-14996","post","type-post","status-publish","format-standard","hentry","category-sport"],"_links":{"self":[{"href":"https:\/\/archivioturi.lavocedelpaese.info\/index.php\/wp-json\/wp\/v2\/posts\/14996","targetHints":{"allow":["GET"]}}],"collection":[{"href":"https:\/\/archivioturi.lavocedelpaese.info\/index.php\/wp-json\/wp\/v2\/posts"}],"about":[{"href":"https:\/\/archivioturi.lavocedelpaese.info\/index.php\/wp-json\/wp\/v2\/types\/post"}],"author":[{"embeddable":true,"href":"https:\/\/archivioturi.lavocedelpaese.info\/index.php\/wp-json\/wp\/v2\/users\/1"}],"replies":[{"embeddable":true,"href":"https:\/\/archivioturi.lavocedelpaese.info\/index.php\/wp-json\/wp\/v2\/comments?post=14996"}],"version-history":[{"count":0,"href":"https:\/\/archivioturi.lavocedelpaese.info\/index.php\/wp-json\/wp\/v2\/posts\/14996\/revisions"}],"wp:attachment":[{"href":"https:\/\/archivioturi.lavocedelpaese.info\/index.php\/wp-json\/wp\/v2\/media?parent=14996"}],"wp:term":[{"taxonomy":"category","embeddable":true,"href":"https:\/\/archivioturi.lavocedelpaese.info\/index.php\/wp-json\/wp\/v2\/categories?post=14996"},{"taxonomy":"post_tag","embeddable":true,"href":"https:\/\/archivioturi.lavocedelpaese.info\/index.php\/wp-json\/wp\/v2\/tags?post=14996"}],"curies":[{"name":"wp","href":"https:\/\/api.w.org\/{rel}","templated":true}]}}