{"id":14981,"date":"2017-07-27T14:12:51","date_gmt":"2017-07-27T14:12:51","guid":{"rendered":"https:\/\/archivioturi.lavocedelpaese.info\/index.php\/2017\/07\/27\/grande-successo-per-la-correndo-tra-i-vigneti\/"},"modified":"2017-07-27T14:12:51","modified_gmt":"2017-07-27T14:12:51","slug":"grande-successo-per-la-correndo-tra-i-vigneti","status":"publish","type":"post","link":"https:\/\/archivioturi.lavocedelpaese.info\/index.php\/2017\/07\/27\/grande-successo-per-la-correndo-tra-i-vigneti\/","title":{"rendered":"Grande successo per la \u201cCorrendo tra i vigneti\u201d"},"content":{"rendered":"<p><img loading=\"lazy\" decoding=\"async\" src=\"https:\/\/farm5.staticflickr.com\/4325\/36066212101_9fa451d2db_n.jpg\" alt=\"Nadir gara Adelfia\" width=\"320\" height=\"213\" \/><\/p>\n<p style=\"text-align: center;\"><strong>Valentini, Casulli, Rossi e Cozzolongo ad Adelfia<\/strong><\/p>\n<p style=\"text-align: center;\"><strong><br \/><\/strong><\/p>\n<p>Domenica 23 luglio, mentre \u201cCaronte\u201d imperversava con le sue temperature vicine ai 40 gradi, nella vicina Adelfia, circa 700 temerari si dilettavano nella \u201ccorsa alla sopravvivenza\u201d, correndo lungo i 9,2 km tra i vigneti che danno il nome alla manifestazione.<\/p>\n<p>La linea di partenza presentava nomi di rilevanza nazionale, detentori di vari titoli, come Dario Santoro, Alberico di Cecco, Vito Sardella e \u201cRe\u201d Giorgio Calcaterra, pluricampione sui 100 km. Un parterre di tutto rispetto per una gara regionale.<\/p>\n<p>Le temperature torride, con un tasso di umidit\u00e0 elevatissimo, hanno messo a dura prova la resistenza e i muscoli dei tanti atleti accorsi e che si sono dati battaglia lungo le vie cittadine e nella limitrofa campagna, prima di far rientro nella piazza di Canneto. Tra i numerosi partecipanti anche una consistente rappresentanza di Turesi.<\/p>\n<p>Giandavide Cozzolongo, tesserato alla FIDAL come runcard ma non legato a nessuna societ\u00e0 podistica, \u00e8 stato il pi\u00f9 veloce, percorrendo la distanza in 36 minuti e 24 secondi, alla media di 4 min al km e piazzandosi al 57\u00b0 posto della classifica generale. Un risultato di notevole spessore che sta permettendo a Giandavide di fare continui progressi, avvicinandosi sempre pi\u00f9 alle posizioni alte della classifica e che lo gratifica per i numerosi sacrifici che fa quotidianamente.<\/p>\n<p>Per Casulli, Valentini e Rossi, invece, si \u00e8 trattato di un positivo test di allenamento, considerato che non hanno spinto come si addice alle loro caratteristiche. Casulli (39 minuti), Valentini (40 minuti) e Rossi (41 minuti) si sono piazzati nella parte alta della prima met\u00e0 di classifica, con Rossi che ha evidenziato uno stato di forma in continua crescita.<\/p>\n<p>Domenica prossima appuntamento col trofeo delle due Torri nella marina di Carovigno, correndo nell\u2019area protetta di Torre Guaceto.<\/p>\n","protected":false},"excerpt":{"rendered":"<p><img loading=\"lazy\" decoding=\"async\" src=\"https:\/\/farm5.staticflickr.com\/4325\/36066212101_9fa451d2db_n.jpg\" alt=\"Nadir gara Adelfia\" width=\"320\" height=\"213\" \/><\/p>\n","protected":false},"author":1,"featured_media":0,"comment_status":"open","ping_status":"closed","sticky":false,"template":"","format":"standard","meta":{"colormag_page_container_layout":"default_layout","colormag_page_sidebar_layout":"default_layout","footnotes":""},"categories":[5],"tags":[],"class_list":["post-14981","post","type-post","status-publish","format-standard","hentry","category-sport"],"_links":{"self":[{"href":"https:\/\/archivioturi.lavocedelpaese.info\/index.php\/wp-json\/wp\/v2\/posts\/14981","targetHints":{"allow":["GET"]}}],"collection":[{"href":"https:\/\/archivioturi.lavocedelpaese.info\/index.php\/wp-json\/wp\/v2\/posts"}],"about":[{"href":"https:\/\/archivioturi.lavocedelpaese.info\/index.php\/wp-json\/wp\/v2\/types\/post"}],"author":[{"embeddable":true,"href":"https:\/\/archivioturi.lavocedelpaese.info\/index.php\/wp-json\/wp\/v2\/users\/1"}],"replies":[{"embeddable":true,"href":"https:\/\/archivioturi.lavocedelpaese.info\/index.php\/wp-json\/wp\/v2\/comments?post=14981"}],"version-history":[{"count":0,"href":"https:\/\/archivioturi.lavocedelpaese.info\/index.php\/wp-json\/wp\/v2\/posts\/14981\/revisions"}],"wp:attachment":[{"href":"https:\/\/archivioturi.lavocedelpaese.info\/index.php\/wp-json\/wp\/v2\/media?parent=14981"}],"wp:term":[{"taxonomy":"category","embeddable":true,"href":"https:\/\/archivioturi.lavocedelpaese.info\/index.php\/wp-json\/wp\/v2\/categories?post=14981"},{"taxonomy":"post_tag","embeddable":true,"href":"https:\/\/archivioturi.lavocedelpaese.info\/index.php\/wp-json\/wp\/v2\/tags?post=14981"}],"curies":[{"name":"wp","href":"https:\/\/api.w.org\/{rel}","templated":true}]}}