{"id":14980,"date":"2017-07-27T01:52:50","date_gmt":"2017-07-27T01:52:50","guid":{"rendered":"https:\/\/archivioturi.lavocedelpaese.info\/index.php\/2017\/07\/27\/primo-posto-per-la-dof\/"},"modified":"2017-07-27T01:52:50","modified_gmt":"2017-07-27T01:52:50","slug":"primo-posto-per-la-dof","status":"publish","type":"post","link":"https:\/\/archivioturi.lavocedelpaese.info\/index.php\/2017\/07\/27\/primo-posto-per-la-dof\/","title":{"rendered":"Primo posto per la D.O.F."},"content":{"rendered":"<p><img loading=\"lazy\" decoding=\"async\" src=\"https:\/\/farm5.staticflickr.com\/4311\/36022243992_1fe9682ffb_n.jpg\" alt=\"Dof ad Adelfia (2)\" width=\"320\" height=\"240\" \/><\/p>\n<p style=\"text-align: center;\"><strong><br \/><\/strong><\/p>\n<p style=\"text-align: center;\"><strong>Ad Adelfia la societ\u00e0 turese si aggiudica il primo posto di societ\u00e0<\/strong><\/p>\n<p style=\"text-align: center;\"><strong><br \/><\/strong><\/p>\n<p>Quando si lavora bene i risultati prima o poi arrivano. Ed ecco che ad Adelfia, domenica 23 luglio, \u00e8 arrivata per la D.O.F. Amatori Turi la sua prima vittoria di squadra. Frutto di un lavoro costruito con il tempo, per creare la giusta mentalit\u00e0 ed il giusto spirito di gruppo.<\/p>\n<p>Dicevamo, domenica 23 c\u2019\u00e8 la \u201cCorrendo tra i vigneti\u201d, una classica di questo periodo. 650 gli iscritti. Poco pi\u00f9 di 9 i km per un percorso piuttosto completo, urbano ed extraurbano. A vincere \u00e8 Dario Santoro atleta fortissimo della Daunia Running. Il termine fortissimo \u00e8 appropriato visto il calibro degli atleti arrivati dopo di lui a partire da Luigi Zullo, Alberico Di Cecco ed al bravissimo Re Giorgio Calcaterra.<\/p>\n<p>Poi c\u2019\u00e8 la D.O.F. Amatori Turi, con il 5\u00b0 posto assoluto per Gianpiero Bianco, con il primo posto degli adelfiesi di Nuccio Busto 13\u00b0 al traguardo, con il primo posto di categoria per Tony Bruno, ma soprattutto con il primo posto di societ\u00e0 e tutto questo grazie ai 31 Doffisti giunti al traguardo. Il merito \u00e8 di tutti dai tre che abbiamo menzionato poco fa a tutti gli altri, dai pi\u00f9 forti come Francesco Bottalico, Angelo Longo, Aldo Mariani che, tra l\u2019altro si \u00e8 sacrificato per portare Tony a vincere, a Giuseppe Calabrese, Nicola Fiormarino, Vito De Michele e Nicola Ladisa. Poi ci sono quelli che si prodigano per raggiungere i top come Franco Laera, Donato Venturo, Francesco Calabrese, Saverio Gatti, Antonello Redavid, Giuseppe Cunsolo, Alessandro Mele e Nicola Cassano, fino alla \u201cMery Volante\u201d Mariantonietta De Tommaso oggi 7\u00aa al traguardo.<\/p>\n<p>Ma l\u2019applauso ed il ringraziamento pi\u00f9 grande va a tutti quelli che lo fanno per il puro e semplice desiderio di correre con il gruppo, con la voglia di divertirsi, ed in questo caso sentirsi utile per un obiettivo comune da raggiungere. La D.O.F. ha vinto grazie a loro, in ordine d\u2019arrivo, che comunque non cambia il risultato, il ringraziamento va a Luigi Labellarte, Nicola Leone, Antonello Russo, Nicola Ribatti, Gian Giacomo Valentini, Albino Malena, Luigi Saddi, Francesco Nardulli, Cristina Rivetti, Stefano Arr\u00e8, Franco Zita ed il nostro Direttore, neo nonno, Franco Manzari.<\/p>\n<p>Grazie ragazzi la D.O.F. cresce grazie a voi. E questo \u00e8 solo l\u2019inizio&#8230;<\/p>\n<p><object width=\"640\" height=\"480\" data=\"https:\/\/www.flickr.com\/apps\/slideshow\/show.swf?v=261948265\" type=\"application\/x-shockwave-flash\"><param name=\"flashvars\" value=\"offsite=true&amp;lang=it-it&amp;page_show_url=%2Fphotos%2F91470992%40N02%2Fsets%2F72157686719339466%2Fshow%2F&amp;page_show_back_url=%2Fphotos%2F91470992%40N02%2Fsets%2F72157686719339466%2F&amp;set_id=72157686719339466&amp;jump_to=\" \/><param name=\"movie\" value=\"https:\/\/www.flickr.com\/apps\/slideshow\/show.swf?v=261948265\" \/><param name=\"allowFullScreen\" value=\"true\" \/><\/object><\/p>\n","protected":false},"excerpt":{"rendered":"<p><img loading=\"lazy\" decoding=\"async\" src=\"https:\/\/farm5.staticflickr.com\/4311\/36022243992_1fe9682ffb_n.jpg\" alt=\"Dof ad Adelfia (2)\" width=\"320\" height=\"240\" \/><\/p>\n","protected":false},"author":1,"featured_media":0,"comment_status":"open","ping_status":"closed","sticky":false,"template":"","format":"standard","meta":{"colormag_page_container_layout":"default_layout","colormag_page_sidebar_layout":"default_layout","footnotes":""},"categories":[5],"tags":[],"class_list":["post-14980","post","type-post","status-publish","format-standard","hentry","category-sport"],"_links":{"self":[{"href":"https:\/\/archivioturi.lavocedelpaese.info\/index.php\/wp-json\/wp\/v2\/posts\/14980","targetHints":{"allow":["GET"]}}],"collection":[{"href":"https:\/\/archivioturi.lavocedelpaese.info\/index.php\/wp-json\/wp\/v2\/posts"}],"about":[{"href":"https:\/\/archivioturi.lavocedelpaese.info\/index.php\/wp-json\/wp\/v2\/types\/post"}],"author":[{"embeddable":true,"href":"https:\/\/archivioturi.lavocedelpaese.info\/index.php\/wp-json\/wp\/v2\/users\/1"}],"replies":[{"embeddable":true,"href":"https:\/\/archivioturi.lavocedelpaese.info\/index.php\/wp-json\/wp\/v2\/comments?post=14980"}],"version-history":[{"count":0,"href":"https:\/\/archivioturi.lavocedelpaese.info\/index.php\/wp-json\/wp\/v2\/posts\/14980\/revisions"}],"wp:attachment":[{"href":"https:\/\/archivioturi.lavocedelpaese.info\/index.php\/wp-json\/wp\/v2\/media?parent=14980"}],"wp:term":[{"taxonomy":"category","embeddable":true,"href":"https:\/\/archivioturi.lavocedelpaese.info\/index.php\/wp-json\/wp\/v2\/categories?post=14980"},{"taxonomy":"post_tag","embeddable":true,"href":"https:\/\/archivioturi.lavocedelpaese.info\/index.php\/wp-json\/wp\/v2\/tags?post=14980"}],"curies":[{"name":"wp","href":"https:\/\/api.w.org\/{rel}","templated":true}]}}