{"id":14967,"date":"2017-07-24T06:54:46","date_gmt":"2017-07-24T06:54:46","guid":{"rendered":"https:\/\/archivioturi.lavocedelpaese.info\/index.php\/2017\/07\/24\/migranti-a-turi-che-cas-ino\/"},"modified":"2017-07-24T06:54:46","modified_gmt":"2017-07-24T06:54:46","slug":"migranti-a-turi-che-cas-ino","status":"publish","type":"post","link":"https:\/\/archivioturi.lavocedelpaese.info\/index.php\/2017\/07\/24\/migranti-a-turi-che-cas-ino\/","title":{"rendered":"MIGRANTI A TURI: CHE C.A.S. \u2026INO!"},"content":{"rendered":"<p><a data-flickr-embed=\"true\" href=\"https:\/\/www.flickr.com\/photos\/91470992@N02\/31953155610\/in\/photolist-R2Demj-QFAgW3-RfUJyT-QFArW3-Q1uZN8-R4A5Mt-QERBif-QFAhXm-QXFZos-PUvTtu-RbSiLz-R8tx1W-R1jHzB-R8tV67-R8twHm-PUvTj1-R2XbYb-QUQg7c-Qw8suL-QUQfQF\" title=\"giornata mondiale migranti e rifugiati\"><img loading=\"lazy\" decoding=\"async\" src=\"https:\/\/farm1.staticflickr.com\/780\/31953155610_e681e1fce4_n.jpg\" width=\"320\" height=\"202\" alt=\"giornata mondiale migranti e rifugiati\" \/><\/a><\/p>\n<p style=\"text-align: justify;\">Cominciamo con una precisazione doverosa e forse non ancora del tutto chiara: i disservizi nella gestione dei migranti trasferiti nei paesi limitrofi non sono imputabili all\u2019Holiday Residence (C.A.S. Centro di Accoglienza Straordinaria) che li ha ospitati, ma alla cooperativa \u2018La Cometa\u2019 di Palagiano. Il titolare dell\u2019Holiday, carte alla mano, ci fa notare numerose lamentele e segnalazioni alla Prefettura, circa varie inadempienze: mancanza del pullmino, mediatori culturali inesistenti, mancati corsi di lingua italiana, e tanti altri servizi previsti nel bando quasi mai erogati. I Carabinieri e la vicesindaco Lavinia Orlando hanno contribuito alla risoluzione del caso e al trasferimento degli stessi. \u201cI migranti stavano bene qui da me \u2013 rivendica giustamente il titolare dell\u2019Holiday Residence \u2013 ma \u00e8 la cooperativa che non funzionava\u201d.<\/p>\n<p style=\"text-align: justify;\"><strong>L\u2019Holiday avanza pi\u00f9 di 100 mila \u20ac!<\/strong><\/p>\n<p style=\"text-align: justify;\">La Prefettura cos\u00ec ha fatto sgomberare solo adesso, anche se le segnalazioni partono da gennaio scorso. Intanto, l\u2019Holiday Residence deve incassare ancora pi\u00f9 di 100 mila \u20ac da questa cooperativa inadempiente, cio\u00e8 da quando non gli \u00e8 stato rinnovato pi\u00f9 il contratto, da marzo scorso.<\/p>\n<p style=\"text-align: justify;\"><strong>Il dibattito in Consiglio<\/strong><\/p>\n<p style=\"text-align: justify;\"> Gi\u00e0 durante il Consiglio Comunale del 6 luglio scorso,si \u00e8 parlato della questione C.A.S. (Centri di Accoglienza Straordinaria) e dei disservizi segnalati. <br \/> \u201cCome a tutti noto \u2013 spiegava l\u2019Amministrazione comunale in una nota \u2013 il Comune di Turi ospita circa 120 richiedenti asilo in due differenti strutture gestite da due diverse cooperative per conto della Prefettura di Bari.&nbsp;<br \/> Sebbene i bambini, le donne e gli uomini accolti non abbiano creato alcuna problematica, abbiamo scritto a fine maggio al&nbsp;Prefetto al fine di sollecitare una pi\u00f9 equa distribuzione dei richiedenti asilo tra i diversi Comuni della Citt\u00e0 Metropolitana di Bari, avendo il Comune di Turi pienamente assolto a quello che \u00e8 un vero e proprio &#8220;dovere umanitario&#8221; a cui nessuno dovrebbe sottrarsi.&nbsp;<br \/> A questa nota la Prefettura di Bari ha risposto che avrebbe applicato al nostro Comune &#8220;per le prossime procedure&#8230; la clausola di salvaguardia&#8221;, con ci\u00f2 escludendo Turi da successivi bandi (cosa che \u00e8 effettivamente accaduta, in quanto il nuovo bando di diramazione prefettizia, scaduto da pochi giorni, non vedeva la presenza del nostro Comune).&nbsp;<br \/> Successivamente, abbiamo nuovamente scritto alla Prefettura (oltre che alla Procura della Repubblica) per denunciare la mancata erogazione, a beneficio degli ospiti del C.A.S. sito sulla Turi &#8211; Casamassima, di alcuni tra i servizi essenziali per la cui fornitura la cooperativa che gestisce il Centro viene pagata (nello specifico, si leggano gli ultimi tre allegati, le parti cancellate recano dati sensibili che non possiamo pubblicare).&nbsp;<br \/> La Prefettura ci ha oggi comunicato che tale Centro verr\u00e0 sgomberato nei prossimi giorni e gli ospiti trasferiti in altri C.A.S., dove auspichiamo che i richiedenti asilo possano vedersi erogati i servizi che loro spettano\u201d.<\/p>\n<p style=\"text-align: justify;\"><strong>Arrivati nuovi migranti<\/strong><\/p>\n<p style=\"text-align: justify;\">Intanto, la Prefettura ha inviato nuovi migranti all\u2019Holiday Residence. Si tratta di una quarantina di minori dai 14 anni, tutti maschi. Questa volta sar\u00e0 la cooperativa Social Hope a gestirli.<\/p>\n<p style=\"text-align: justify;\">Il titolare dell\u2019Holiday ci fa riflettere su un aspetto sinora poco dibattuto: strutture grandi come la sua, nate prima che il boom turistico esplodesse lungo la fascia costiera (Polignano e Monopoli su tutte), lavoravano ed erano le uniche strutture ricettive alberghiere. Con il boom dei bed &amp; breakfast, strutture come l\u2019Holiday hanno attraversato una forte crisi. Cos\u00ec, tra tasse e costi fissi da sostenere, ospitare i migranti \u00e8 stata una scelta quasi obbligata per sopravvivere.&nbsp;<strong><\/strong><\/p>\n","protected":false},"excerpt":{"rendered":"<p><a data-flickr-embed=\"true\" href=\"https:\/\/www.flickr.com\/photos\/91470992@N02\/31953155610\/in\/photolist-R2Demj-QFAgW3-RfUJyT-QFArW3-Q1uZN8-R4A5Mt-QERBif-QFAhXm-QXFZos-PUvTtu-RbSiLz-R8tx1W-R1jHzB-R8tV67-R8twHm-PUvTj1-R2XbYb-QUQg7c-Qw8suL-QUQfQF\" title=\"giornata mondiale migranti e rifugiati\"><img loading=\"lazy\" decoding=\"async\" src=\"https:\/\/farm1.staticflickr.com\/780\/31953155610_e681e1fce4_n.jpg\" width=\"320\" height=\"202\" alt=\"giornata mondiale migranti e rifugiati\" \/><\/a><\/p>\n","protected":false},"author":1,"featured_media":0,"comment_status":"open","ping_status":"closed","sticky":false,"template":"","format":"standard","meta":{"colormag_page_container_layout":"default_layout","colormag_page_sidebar_layout":"default_layout","footnotes":""},"categories":[4],"tags":[],"class_list":["post-14967","post","type-post","status-publish","format-standard","hentry","category-politica"],"_links":{"self":[{"href":"https:\/\/archivioturi.lavocedelpaese.info\/index.php\/wp-json\/wp\/v2\/posts\/14967","targetHints":{"allow":["GET"]}}],"collection":[{"href":"https:\/\/archivioturi.lavocedelpaese.info\/index.php\/wp-json\/wp\/v2\/posts"}],"about":[{"href":"https:\/\/archivioturi.lavocedelpaese.info\/index.php\/wp-json\/wp\/v2\/types\/post"}],"author":[{"embeddable":true,"href":"https:\/\/archivioturi.lavocedelpaese.info\/index.php\/wp-json\/wp\/v2\/users\/1"}],"replies":[{"embeddable":true,"href":"https:\/\/archivioturi.lavocedelpaese.info\/index.php\/wp-json\/wp\/v2\/comments?post=14967"}],"version-history":[{"count":0,"href":"https:\/\/archivioturi.lavocedelpaese.info\/index.php\/wp-json\/wp\/v2\/posts\/14967\/revisions"}],"wp:attachment":[{"href":"https:\/\/archivioturi.lavocedelpaese.info\/index.php\/wp-json\/wp\/v2\/media?parent=14967"}],"wp:term":[{"taxonomy":"category","embeddable":true,"href":"https:\/\/archivioturi.lavocedelpaese.info\/index.php\/wp-json\/wp\/v2\/categories?post=14967"},{"taxonomy":"post_tag","embeddable":true,"href":"https:\/\/archivioturi.lavocedelpaese.info\/index.php\/wp-json\/wp\/v2\/tags?post=14967"}],"curies":[{"name":"wp","href":"https:\/\/api.w.org\/{rel}","templated":true}]}}